{"id":11826,"date":"2015-09-03T17:08:11","date_gmt":"2015-09-03T14:08:11","guid":{"rendered":"http:\/\/baptist.org.md\/ro\/?p=11826"},"modified":"2015-09-03T17:34:44","modified_gmt":"2015-09-03T14:34:44","slug":"invitatie-la-post-si-rugaciune-pentru-bisericile-baptiste-din-chisinau","status":"publish","type":"post","link":"https:\/\/baptist.org.md\/ro\/?p=11826","title":{"rendered":"INVITA\u0162IE la Post \u015fi rug\u0103ciune pentru Bisericile Baptiste din Chi\u015fin\u0103u"},"content":{"rendered":"<p style=\"text-align: justify;\"><a href=\"http:\/\/baptist.org.md\/ro\/wp-content\/uploads\/DSC09540-001.jpg\"><img loading=\"lazy\" decoding=\"async\" class=\"aligncenter size-full wp-image-11407\" src=\"http:\/\/baptist.org.md\/ro\/wp-content\/uploads\/DSC09540-001.jpg\" alt=\"DSC09540-001\" width=\"720\" height=\"540\" srcset=\"https:\/\/baptist.org.md\/ro\/wp-content\/uploads\/DSC09540-001.jpg 720w, https:\/\/baptist.org.md\/ro\/wp-content\/uploads\/DSC09540-001-300x225.jpg 300w\" sizes=\"auto, (max-width: 720px) 100vw, 720px\" \/><\/a><\/p>\n<p style=\"text-align: justify;\">Suntem \u00een primele zile de toamna lui 2015. \u00cen aceast\u0103 duminic\u0103, fiecare Biseric\u0103 Baptist\u0103 din \u0163ar\u0103 se va aduna la solemnul serviciu Cina Domnului, unde vom comemora moartea \u015fi suferin\u0163ele Domnului Isus Cristos. Cu acest prilej, Uniunea Bisericilor Cre\u015ftine Evanghelice Baptiste din Moldova, invit\u0103 s\u00e2mb\u0103t\u0103, 05 septembrie, toate Bisericile din Chi\u015fin\u0103u la un serviciu comun de post \u015fi rug\u0103ciune.<\/p>\n<p style=\"text-align: justify;\">Evenimentul va fi g\u0103zduit de Biserica &#8220;Isus Salvatorul&#8221; la ora 09:00 pe str. Sf\u00e2ntul Ilie 41. La serviciul special sunt a\u015ftepta\u0163i to\u0163i membrii Bisericilor Baptiste din Chi\u015fin\u0103u, care vor s\u0103 mijloceasc\u0103 \u00een rug\u0103ciune pentru evenimentele de pe agenda Anului \u00cennoirii Spirituale 2015.<\/p>\n<p style=\"text-align: justify;\">Ultimul eveniment de acest gen se va desf\u0103\u015fura \u00een perioada 17-18 octombrie cu participarea lui <a href=\"http:\/\/sammytippit.org\/\" target=\"_blank\"><strong>Sammy Tippit<\/strong><\/a> la Manej, unde vom s\u0103rb\u0103tori <strong>Ziua Mul\u0163umirii 2015<\/strong>.<\/p>\n<p style=\"text-align: justify;\">\n","protected":false},"excerpt":{"rendered":"<p>Suntem \u00een primele zile de toamna lui 2015. \u00cen aceast\u0103 duminic\u0103, fiecare Biseric\u0103 Baptist\u0103 din \u0163ar\u0103 se va aduna la solemnul serviciu Cina Domnului, unde vom comemora moartea \u015fi suferin\u0163ele Domnului Isus Cristos. Cu&#46;&#46;&#46;<\/p>\n","protected":false},"author":2,"featured_media":11407,"comment_status":"open","ping_status":"open","sticky":false,"template":"","format":"standard","meta":{"footnotes":""},"categories":[1083,77,23],"tags":[1118,228,1215,1214,188],"class_list":["post-11826","post","type-post","status-publish","format-standard","has-post-thumbnail","hentry","category-anuntul-evenimentelor","category-slides","category-interne","tag-bisericile-baptiste-din-chisinau","tag-post-si-rugaciune","tag-sammy-tippyt","tag-serviciu-comun","tag-uniunea-baptista-din-moldova"],"fimg_url":"https:\/\/baptist.org.md\/ro\/wp-content\/uploads\/DSC09540-001.jpg","views":2009,"_links":{"self":[{"href":"https:\/\/baptist.org.md\/ro\/index.php?rest_route=\/wp\/v2\/posts\/11826","targetHints":{"allow":["GET"]}}],"collection":[{"href":"https:\/\/baptist.org.md\/ro\/index.php?rest_route=\/wp\/v2\/posts"}],"about":[{"href":"https:\/\/baptist.org.md\/ro\/index.php?rest_route=\/wp\/v2\/types\/post"}],"author":[{"embeddable":true,"href":"https:\/\/baptist.org.md\/ro\/index.php?rest_route=\/wp\/v2\/users\/2"}],"replies":[{"embeddable":true,"href":"https:\/\/baptist.org.md\/ro\/index.php?rest_route=%2Fwp%2Fv2%2Fcomments&post=11826"}],"version-history":[{"count":7,"href":"https:\/\/baptist.org.md\/ro\/index.php?rest_route=\/wp\/v2\/posts\/11826\/revisions"}],"predecessor-version":[{"id":11848,"href":"https:\/\/baptist.org.md\/ro\/index.php?rest_route=\/wp\/v2\/posts\/11826\/revisions\/11848"}],"wp:featuredmedia":[{"embeddable":true,"href":"https:\/\/baptist.org.md\/ro\/index.php?rest_route=\/wp\/v2\/media\/11407"}],"wp:attachment":[{"href":"https:\/\/baptist.org.md\/ro\/index.php?rest_route=%2Fwp%2Fv2%2Fmedia&parent=11826"}],"wp:term":[{"taxonomy":"category","embeddable":true,"href":"https:\/\/baptist.org.md\/ro\/index.php?rest_route=%2Fwp%2Fv2%2Fcategories&post=11826"},{"taxonomy":"post_tag","embeddable":true,"href":"https:\/\/baptist.org.md\/ro\/index.php?rest_route=%2Fwp%2Fv2%2Ftags&post=11826"}],"curies":[{"name":"wp","href":"https:\/\/api.w.org\/{rel}","templated":true}]}}