{"id":11474,"date":"2015-08-16T03:59:26","date_gmt":"2015-08-16T00:59:26","guid":{"rendered":"http:\/\/baptist.org.md\/ro\/?p=11474"},"modified":"2015-08-16T04:04:35","modified_gmt":"2015-08-16T01:04:35","slug":"samy-tutac-o-viata-de-slujire-dedicata-tinerei-generatii","status":"publish","type":"post","link":"https:\/\/baptist.org.md\/ro\/?p=11474","title":{"rendered":"Samy Tu\u021bac: &#8220;O via\u0163\u0103 de slujire dedicat\u0103 tinerei genera\u0163ii&#8221;"},"content":{"rendered":"<p style=\"text-align: justify;\"><a href=\"http:\/\/baptist.org.md\/ro\/wp-content\/uploads\/samy-tutac.jpg\"><img loading=\"lazy\" decoding=\"async\" class=\"aligncenter wp-image-9719\" src=\"http:\/\/baptist.org.md\/ro\/wp-content\/uploads\/samy-tutac.jpg\" alt=\"samy tutac\" width=\"720\" height=\"480\" srcset=\"https:\/\/baptist.org.md\/ro\/wp-content\/uploads\/samy-tutac.jpg 960w, https:\/\/baptist.org.md\/ro\/wp-content\/uploads\/samy-tutac-300x200.jpg 300w\" sizes=\"auto, (max-width: 720px) 100vw, 720px\" \/><\/a><\/p>\n<p style=\"text-align: justify;\">SAMY TU\u0162AC,\u00a0pre\u015fedintele Comunit\u0103\u0163ii Baptiste Timi\u015foara \u015fi vicepre\u015fedinte al Uniunii Baptiste din Rom\u00e2nia.<\/p>\n<p style=\"text-align: right;\"><strong>MOTO: \u201e Pot totul \u00een Hristos care m\u0103 \u00eent\u0103re\u015fte\u201d.<\/strong><br \/>\n<strong>Filipeni 4:13<\/strong><\/p>\n<p style=\"text-align: justify;\">Samuel Tu\u0163ac s-a n\u0103scut \u00een anul 1966 \u00eentr-o familie de credincio\u0219i bapti\u0219ti \u0219i a fost botezat \u00een 17 iunie 1984 \u00een Biserica Baptist\u0103 nr.2 Timi\u0219oara.<\/p>\n<p style=\"text-align: justify;\">Este pastor al <a href=\"http:\/\/betel.ro\/\" target=\"_blank\"><strong>Bisericii Baptiste &#8220;Betel&#8221; Timi\u0219oara<\/strong><\/a> din anul 1992, av\u00e2nd ca responsabilitate principal\u0103 lucrarea cu tinerii \u0219i misiunea. \u00centre anii 1997-2002 a slujit \u0219i ca profesor de teologie la Liceul Teologic Baptist, Timi\u0219oara.<\/p>\n<p style=\"text-align: justify;\">A slujit ca Pre\u0219edinte al Organiza\u0163iei Tineretului Baptist \u0219i membru \u00een Consiliul Uniunii Bisericilor Baptiste din Rom\u00e2nia \u00eentre anii 1992-2000. \u00centre anii 2007-2014 a slujit ca vicepre\u0219edinte al Comunit\u0103\u021bii Baptiste Timi\u0219oara, membru \u00een Consiliul Uniunii Baptiste \u0219i coordonator al Departamentului de tineret al UBR. Din anul 2015 este Pre\u0219edintele Comunit\u0103\u021bii Baptiste Timi\u0219oara \u0219i Vicepre\u0219edinte al Uniunii Baptiste din Rom\u00e2nia.<\/p>\n<p style=\"text-align: justify;\">Este absolvent al Facult\u0103\u021bii de Psihologie, Universitatea Tibiscus \u2013 Timi\u0219oara, 1998. De\u0163ine licen\u021ba \u00een Teologie Pastoral\u0103, Universitatea din Bucuresti, Facultatea de Teologie Baptist\u0103, 1998. Este absolvent al cursului postuniversitar \u201cManagement competitiv \u2013 resurse umane, financiare \u0219i marketing\u201d, Universitatea Politehnic\u0103 Timi\u0219oara, 2003.<\/p>\n<p style=\"text-align: justify;\">A ob\u021binut diploma de Master of Ministry (2005-2009) la Covington Theological Seminary, Rossville, GA, USA, iar \u00een anul 2014 a ob\u021binut titlul de Doctor \u00een Teologie (PhD) la Universitatea din Bucure\u0219ti. Este autor al c\u0103r\u021bilor: Pa\u0219i pe calea credin\u021bei, Liber pe contrasens \u0219i Pledoarie pentru puritate. Al\u0103turi de so\u0163ia sa, Simona educ\u0103 patru b\u0103ie\u0163i.<\/p>\n","protected":false},"excerpt":{"rendered":"<p>SAMY TU\u0162AC,\u00a0pre\u015fedintele Comunit\u0103\u0163ii Baptiste Timi\u015foara \u015fi vicepre\u015fedinte al Uniunii Baptiste din Rom\u00e2nia. MOTO: \u201e Pot totul \u00een Hristos care m\u0103 \u00eent\u0103re\u015fte\u201d. Filipeni 4:13 Samuel Tu\u0163ac s-a n\u0103scut \u00een anul 1966 \u00eentr-o familie de credincio\u0219i&#46;&#46;&#46;<\/p>\n","protected":false},"author":2,"featured_media":9719,"comment_status":"open","ping_status":"open","sticky":false,"template":"","format":"standard","meta":{"footnotes":""},"categories":[464,77,1085],"tags":[816,1166,1125,1155,231],"class_list":["post-11474","post","type-post","status-publish","format-standard","has-post-thumbnail","hentry","category-anul-innoirii-spirituale","category-slides","category-tineret-articole","tag-betel-timisoara","tag-biografie","tag-conferinta-de-tineret-2015","tag-innoire-spirituala-2015","tag-samy-tutac"],"fimg_url":"https:\/\/baptist.org.md\/ro\/wp-content\/uploads\/samy-tutac.jpg","views":4117,"_links":{"self":[{"href":"https:\/\/baptist.org.md\/ro\/index.php?rest_route=\/wp\/v2\/posts\/11474","targetHints":{"allow":["GET"]}}],"collection":[{"href":"https:\/\/baptist.org.md\/ro\/index.php?rest_route=\/wp\/v2\/posts"}],"about":[{"href":"https:\/\/baptist.org.md\/ro\/index.php?rest_route=\/wp\/v2\/types\/post"}],"author":[{"embeddable":true,"href":"https:\/\/baptist.org.md\/ro\/index.php?rest_route=\/wp\/v2\/users\/2"}],"replies":[{"embeddable":true,"href":"https:\/\/baptist.org.md\/ro\/index.php?rest_route=%2Fwp%2Fv2%2Fcomments&post=11474"}],"version-history":[{"count":2,"href":"https:\/\/baptist.org.md\/ro\/index.php?rest_route=\/wp\/v2\/posts\/11474\/revisions"}],"predecessor-version":[{"id":11476,"href":"https:\/\/baptist.org.md\/ro\/index.php?rest_route=\/wp\/v2\/posts\/11474\/revisions\/11476"}],"wp:featuredmedia":[{"embeddable":true,"href":"https:\/\/baptist.org.md\/ro\/index.php?rest_route=\/wp\/v2\/media\/9719"}],"wp:attachment":[{"href":"https:\/\/baptist.org.md\/ro\/index.php?rest_route=%2Fwp%2Fv2%2Fmedia&parent=11474"}],"wp:term":[{"taxonomy":"category","embeddable":true,"href":"https:\/\/baptist.org.md\/ro\/index.php?rest_route=%2Fwp%2Fv2%2Fcategories&post=11474"},{"taxonomy":"post_tag","embeddable":true,"href":"https:\/\/baptist.org.md\/ro\/index.php?rest_route=%2Fwp%2Fv2%2Ftags&post=11474"}],"curies":[{"name":"wp","href":"https:\/\/api.w.org\/{rel}","templated":true}]}}