{"id":11293,"date":"2015-08-07T12:46:20","date_gmt":"2015-08-07T09:46:20","guid":{"rendered":"http:\/\/baptist.org.md\/ro\/?p=11293"},"modified":"2015-08-07T13:14:22","modified_gmt":"2015-08-07T10:14:22","slug":"ion-miron-o-inima-pasionata-de-misiune-si-darniciei","status":"publish","type":"post","link":"https:\/\/baptist.org.md\/ro\/?p=11293","title":{"rendered":"Ion Miron: &#8220;O inim\u0103 pasionat\u0103 de misiune \u015fi d\u0103rniciei&#8221;"},"content":{"rendered":"<p style=\"text-align: justify;\"><a href=\"http:\/\/baptist.org.md\/ro\/wp-content\/uploads\/editorial-video-cu-ion-miron-anu.jpg\"><img loading=\"lazy\" decoding=\"async\" class=\"aligncenter size-large wp-image-8802\" src=\"http:\/\/baptist.org.md\/ro\/wp-content\/uploads\/editorial-video-cu-ion-miron-anu-1024x682.jpg\" alt=\"Editorial VIDEO cu Ion Miron: \u201cAnul \u00cennoirii Spirituale\u201d\" width=\"720\" height=\"479\" srcset=\"https:\/\/baptist.org.md\/ro\/wp-content\/uploads\/editorial-video-cu-ion-miron-anu-1024x682.jpg 1024w, https:\/\/baptist.org.md\/ro\/wp-content\/uploads\/editorial-video-cu-ion-miron-anu-300x200.jpg 300w, https:\/\/baptist.org.md\/ro\/wp-content\/uploads\/editorial-video-cu-ion-miron-anu.jpg 1200w\" sizes=\"auto, (max-width: 720px) 100vw, 720px\" \/><\/a><\/p>\n<p style=\"text-align: justify;\">Ast\u0103zi vin s\u0103 v\u0103 prezint cel de-al II-lea vorbitor la Conferin\u0163a de Tineret: <a href=\"http:\/\/baptist.org.md\/ro\/?cat=464\" target=\"_blank\"><strong>&#8220;\u00cennoire Spiritual\u0103&#8221; 2015<\/strong><\/a> \u015fi primul care va deschide acest eveniment mult a\u015fteptat, episcopul Uniunii Bisericilor Cre\u015ftine Evanghelice Baptiste din Moldova, Ion Miron.<\/p>\n<p style=\"text-align: justify;\">Ion Miron se afl\u0103 aproape de sf\u00e2r\u015fitul celui de-al doilea mandat de episcop UBCEB \u015fi se preg\u0103te\u015fte la anul viitor s\u0103 transmit\u0103 \u015ftafeta de episcop mai departe. Paralel cu aceast\u0103 slujire, investe\u015fte \u00een t\u00e2n\u0103ra genera\u0163ia \u00een cadrul Universit\u0103\u0163ii &#8220;Divitia Gratiae&#8221;. Are o inim\u0103 dedicat\u0103 misiunii \u015fi d\u0103rniciei, mai este pasionat de investi\u0163ia \u00een tinerele familii de slujitori.<\/p>\n<p style=\"text-align: justify;\">Drept m\u0103rturie a pasiunii pentru misiune sunt cele cinci biserici plantate \u00een raionul Telene\u015fti dup\u0103 anii de preg\u0103tire teologic\u0103 la Institututl Teologic Baptist din Bucure\u015fti. Pasiunea pentru investi\u0163ie \u00een oameni \u015fi d\u0103rnicie este vizibil\u0103 \u00een seminarele educative pe care le-a ini\u0163iat \u00een cadrul bisericilor \u00een slujirea de secretar general al uniunii \u015fi apoi episcop.<\/p>\n<p style=\"text-align: justify;\"><strong>Ion Miron<\/strong> s-a n\u0103scut pe 13 iulie 1969 \u00een s. Obreja Veche raionul F\u0103le\u015fti \u00een familia lui Vasile \u015fi Nadejda Miron. \u00cen 1981 a primit pe Domnul Isus ca Domn \u015fi m\u00e2ntuitor al lui personal. Dup\u0103 ce a absolvit \u015fcoala medie din s. Obreja Veche, a mers la \u015fcoala de meserii \u015fi a \u00eenv\u0103\u0163at de t\u00e2mplar \u00een ora\u015ful B\u0103l\u0163i.<\/p>\n<p style=\"text-align: justify;\">\u00cen prim\u0103vara anului 1987 a \u00eencheiat leg\u0103m\u00e2ntul cu Domnul Isus prin apa botezului \u00een biserica <strong>Baptist\u0103 \u201eBetania\u201d din or. B\u0103l\u0163i<\/strong>. Dup\u0103 serviciu militar, s-a re\u00eentors \u00een biserica \u201eBetania\u201d din ora\u015ful B\u0103l\u0163i \u015fi s-a implicat activ \u00eentr-un grup de tineri ce aveau ca scop vizitarea bisericilor de la \u0163ar\u0103 \u015fi \u00eencurajarea lor \u00een via\u0163a de credin\u0163\u0103. \u00cen biserica \u201eBetania\u201d a primit chemarea la slujire.<\/p>\n<p style=\"text-align: justify;\">\u00cen anii 1990-1994, prin recomandarea bisericii \u201eBetania\u201d \u015fi a fra\u0163ilor din Conducerea Uniunii, a f\u0103cut studiile la Institutul Teologic de grad Universitar din or. Bucure\u015fti, Rom\u00e2nia. Dup\u0103 absolvirea Institutului, a mers la Telene\u015fti \u015fi a \u00eenceput lucrarea de plantare a unei biserici. Dumnezeu l-a binecuv\u00e2ntat \u00een slujire \u015fi \u00eempreun\u0103 cu biserica din Telene\u015fti au plantat alte cinci biserici din raionul Telene\u015fti.<\/p>\n<p style=\"text-align: justify;\">Din 1994-2013 a predat cursul de Introducere \u00een Vechiul Testament (VT) la Colegiul Teologic Pedagogic din or. Chi\u015fin\u0103u. Pe 4 mai 1997 a fost ordinat la slujirea de pastor. Paralel cu slujirea pastoral\u0103, a f\u0103cut studiile de master cu frecven\u0163\u0103 redus\u0103 la \u201eCincinati Bible Colege &amp; Seminary\u201d din Statele Unite. \u00cencep\u00e2nd cu anul 2001 a slujit \u00een cadrul Uniunii \u00een diferite slujiri cum ar fi: responsabil pe regiunea de centru, secretar executiv \u015fi episcop.<\/p>\n<p style=\"text-align: justify;\">Ion Miron s-a c\u0103s\u0103torit pe 9 iunie 1996 cu so\u0163ia sa Valentina. Dumnezeu i-a binecuv\u00e2ntat cu cinci copii, trei fiice \u015fi doi fii.<\/p>\n<p style=\"text-align: justify;\">V\u0103 a\u015ftept\u0103m cu drag la Conferin\u0163a de Tineret: &#8220;\u00cennoire Spiritual\u0103&#8221; 2015.<\/p>\n","protected":false},"excerpt":{"rendered":"<p>Ast\u0103zi vin s\u0103 v\u0103 prezint cel de-al II-lea vorbitor la Conferin\u0163a de Tineret: &#8220;\u00cennoire Spiritual\u0103&#8221; 2015 \u015fi primul care va deschide acest eveniment mult a\u015fteptat, episcopul Uniunii Bisericilor Cre\u015ftine Evanghelice Baptiste din Moldova, Ion&#46;&#46;&#46;<\/p>\n","protected":false},"author":2,"featured_media":8802,"comment_status":"open","ping_status":"open","sticky":false,"template":"","format":"standard","meta":{"footnotes":""},"categories":[464,77,1085],"tags":[1125,149,1155,54],"class_list":["post-11293","post","type-post","status-publish","format-standard","has-post-thumbnail","hentry","category-anul-innoirii-spirituale","category-slides","category-tineret-articole","tag-conferinta-de-tineret-2015","tag-episcopul-ubceb","tag-innoire-spirituala-2015","tag-ion-miron"],"fimg_url":"https:\/\/baptist.org.md\/ro\/wp-content\/uploads\/editorial-video-cu-ion-miron-anu.jpg","views":2151,"_links":{"self":[{"href":"https:\/\/baptist.org.md\/ro\/index.php?rest_route=\/wp\/v2\/posts\/11293","targetHints":{"allow":["GET"]}}],"collection":[{"href":"https:\/\/baptist.org.md\/ro\/index.php?rest_route=\/wp\/v2\/posts"}],"about":[{"href":"https:\/\/baptist.org.md\/ro\/index.php?rest_route=\/wp\/v2\/types\/post"}],"author":[{"embeddable":true,"href":"https:\/\/baptist.org.md\/ro\/index.php?rest_route=\/wp\/v2\/users\/2"}],"replies":[{"embeddable":true,"href":"https:\/\/baptist.org.md\/ro\/index.php?rest_route=%2Fwp%2Fv2%2Fcomments&post=11293"}],"version-history":[{"count":5,"href":"https:\/\/baptist.org.md\/ro\/index.php?rest_route=\/wp\/v2\/posts\/11293\/revisions"}],"predecessor-version":[{"id":11298,"href":"https:\/\/baptist.org.md\/ro\/index.php?rest_route=\/wp\/v2\/posts\/11293\/revisions\/11298"}],"wp:featuredmedia":[{"embeddable":true,"href":"https:\/\/baptist.org.md\/ro\/index.php?rest_route=\/wp\/v2\/media\/8802"}],"wp:attachment":[{"href":"https:\/\/baptist.org.md\/ro\/index.php?rest_route=%2Fwp%2Fv2%2Fmedia&parent=11293"}],"wp:term":[{"taxonomy":"category","embeddable":true,"href":"https:\/\/baptist.org.md\/ro\/index.php?rest_route=%2Fwp%2Fv2%2Fcategories&post=11293"},{"taxonomy":"post_tag","embeddable":true,"href":"https:\/\/baptist.org.md\/ro\/index.php?rest_route=%2Fwp%2Fv2%2Ftags&post=11293"}],"curies":[{"name":"wp","href":"https:\/\/api.w.org\/{rel}","templated":true}]}}