{"id":11029,"date":"2015-07-17T19:02:51","date_gmt":"2015-07-17T16:02:51","guid":{"rendered":"http:\/\/baptist.org.md\/ro\/?p=11029"},"modified":"2015-07-17T19:25:43","modified_gmt":"2015-07-17T16:25:43","slug":"motiv-de-rugaciune-pastorul-veaceslav-cheptea-a-plecat-la-domnul","status":"publish","type":"post","link":"https:\/\/baptist.org.md\/ro\/?p=11029","title":{"rendered":"MOTIV de RUG\u0102CIUNE: Pastorul Veaceslav Cheptea a plecat la Domnul"},"content":{"rendered":"<p style=\"text-align: justify;\"><a href=\"http:\/\/baptist.org.md\/ro\/wp-content\/uploads\/Pastorul-Veaceslav-Cheptea-3.jpg\"><img loading=\"lazy\" decoding=\"async\" class=\"aligncenter size-large wp-image-11036\" src=\"http:\/\/baptist.org.md\/ro\/wp-content\/uploads\/Pastorul-Veaceslav-Cheptea-3-1024x682.jpg\" alt=\"Pastorul Veaceslav Cheptea (3)\" width=\"720\" height=\"479\" srcset=\"https:\/\/baptist.org.md\/ro\/wp-content\/uploads\/Pastorul-Veaceslav-Cheptea-3-1024x682.jpg 1024w, https:\/\/baptist.org.md\/ro\/wp-content\/uploads\/Pastorul-Veaceslav-Cheptea-3-300x199.jpg 300w, https:\/\/baptist.org.md\/ro\/wp-content\/uploads\/Pastorul-Veaceslav-Cheptea-3.jpg 2048w\" sizes=\"auto, (max-width: 720px) 100vw, 720px\" \/><\/a><\/p>\n<p style=\"text-align: justify;\">Un sfert de or\u0103 \u00een urm\u0103 a plecat \u00een ve\u015fnicii pastorul Bisericii Baptiste din H\u00eejdieni, Veaceslav Cheptea. Acesta suferea de\u00a0cancer \u015fi \u00een ultima vizit\u0103 c\u00e2nd l-am v\u0103zut acum o lun\u0103, ne spunea c\u0103 \u00eei este foarte dor de Domnul \u015fi vrea s\u0103 mearg\u0103 acas\u0103. &#8220;NU mai suport durerea, vreau la Tata. Vreau foarte mult acas\u0103. Sunt fericit pentru slujirea care mi-a \u00eencredin\u0163at-o \u015fi tot ce mi-a dat \u00een aceast\u0103 via\u0163\u0103. Acum e timpul s\u0103 merg \u00een bra\u0163ele Lui&#8221;, ne \u00eemp\u0103rt\u0103\u015fea pastorul Veaceslav Cheptea.<\/p>\n<p style=\"text-align: justify;\">L-am contactat pe David Cheptea, fiul cel mai mic, pentru ca s\u0103 aflu cum se mai simte fratele p\u0103stor. Mi-a r\u0103spuns emo\u0163ionat: &#8220;Domnul te-a \u00eendemnat s\u0103 m\u0103 suni acum, pentru c\u0103 eu am schimbat telefonul \u015fi nu mai aveam toate contactele. 15 minute \u00een urm\u0103 tata a plecat acas\u0103&#8221;, mi-a spus David.<\/p>\n<div id=\"attachment_11037\" style=\"width: 730px\" class=\"wp-caption aligncenter\"><a href=\"http:\/\/baptist.org.md\/ro\/wp-content\/uploads\/Pastorul-Veaceslav-Cheptea-1.jpg\"><img loading=\"lazy\" decoding=\"async\" aria-describedby=\"caption-attachment-11037\" class=\"wp-image-11037\" src=\"http:\/\/baptist.org.md\/ro\/wp-content\/uploads\/Pastorul-Veaceslav-Cheptea-1.jpg\" alt=\"Pastorul Veaceslav Cheptea (1)\" width=\"720\" height=\"480\" srcset=\"https:\/\/baptist.org.md\/ro\/wp-content\/uploads\/Pastorul-Veaceslav-Cheptea-1.jpg 960w, https:\/\/baptist.org.md\/ro\/wp-content\/uploads\/Pastorul-Veaceslav-Cheptea-1-300x200.jpg 300w\" sizes=\"auto, (max-width: 720px) 100vw, 720px\" \/><\/a><p id=\"caption-attachment-11037\" class=\"wp-caption-text\">Familia Cheptea<\/p><\/div>\n<p style=\"text-align: justify;\">Veaceslav Cheptea a fost plantat \u015fi p\u0103storit Bisericile Baptiste din H\u00eejdieni \u015fi Cajba. A \u00eenceput lucrarea de misionar, trimis de Biserica &#8220;Emanuel&#8221; din B\u0103l\u0163i \u00een 1996 \u00een satul H\u00eejdieni. \u00cen 2002 este ordinat la slujirea de p\u0103stor \u00een Biserica Baptist\u0103 din H\u00eejdieni.<\/p>\n<div id=\"attachment_11038\" style=\"width: 730px\" class=\"wp-caption aligncenter\"><a href=\"http:\/\/baptist.org.md\/ro\/wp-content\/uploads\/Pastorul-Veaceslav-Cheptea-2.jpg\"><img loading=\"lazy\" decoding=\"async\" aria-describedby=\"caption-attachment-11038\" class=\"wp-image-11038\" src=\"http:\/\/baptist.org.md\/ro\/wp-content\/uploads\/Pastorul-Veaceslav-Cheptea-2.jpg\" alt=\"Pastorul Veaceslav Cheptea (2)\" width=\"720\" height=\"480\" srcset=\"https:\/\/baptist.org.md\/ro\/wp-content\/uploads\/Pastorul-Veaceslav-Cheptea-2.jpg 960w, https:\/\/baptist.org.md\/ro\/wp-content\/uploads\/Pastorul-Veaceslav-Cheptea-2-300x200.jpg 300w\" sizes=\"auto, (max-width: 720px) 100vw, 720px\" \/><\/a><p id=\"caption-attachment-11038\" class=\"wp-caption-text\">So\u0163ii Veaceslav \u015fi Tabita Cheptea<\/p><\/div>\n<p style=\"text-align: justify;\">Pentru doritorii de a-\u015fi lua r\u0103mas bun de la pastorul Veaceslav Cheptea, pute\u0163i participa la serviciul de priveghi, s\u00e2mb\u0103t\u0103, 18 iulie, ora 18:00 la Biserica &#8220;Emanuel&#8221; din B\u0103l\u0163i, pe str. Pu\u015fkin 77. Serviciul de \u00eenmorm\u00e2ntare va avea loc duminic\u0103, 19 iulie, de la ora 09:00 la Biserica &#8220;Emanuel&#8221;.<\/p>\n<p style=\"text-align: justify;\">Cu un portret despre omul, pastorul, slujitorul Veaceslav Cheptea vom reveni \u00een urm\u0103toarele zile. V\u0103 rug\u0103m s\u0103 sus\u0163ine\u0163i familia Cheptea \u00een rug\u0103ciune:<\/p>\n<ul>\n<li>Ruga\u0163i-v\u0103 pentru m\u00e2ng\u00e2ierea so\u0163iei \u015fi a copiilor.<\/li>\n<li>Ruga\u0163i-v\u0103 pentru protec\u0163ia lor fizic\u0103, emo\u0163ional\u0103 \u015fi spiritual\u0103<\/li>\n<li>Ruga\u0163i-v\u0103 pentru \u00a0m\u00e2ng\u00e2ierea Bisericilor care le-a plantat \u015fi le-a p\u0103storit<\/li>\n<li>Ruga\u0163i-v\u0103 pentru ca m\u0103rturia pe care a l\u0103sat-o \u00een urm\u0103 s\u0103 continue s\u0103 aduc\u0103 rod<\/li>\n<\/ul>\n\n\t\t<style type=\"text\/css\">\n\t\t\t#gallery-1 {\n\t\t\t\tmargin: auto;\n\t\t\t}\n\t\t\t#gallery-1 .gallery-item {\n\t\t\t\tfloat: left;\n\t\t\t\tmargin-top: 10px;\n\t\t\t\ttext-align: center;\n\t\t\t\twidth: 33%;\n\t\t\t}\n\t\t\t#gallery-1 img {\n\t\t\t\tborder: 2px solid #cfcfcf;\n\t\t\t}\n\t\t\t#gallery-1 .gallery-caption {\n\t\t\t\tmargin-left: 0;\n\t\t\t}\n\t\t\t\/* see gallery_shortcode() in wp-includes\/media.php *\/\n\t\t<\/style>\n\t\t<div id='gallery-1' class='gallery galleryid-11029 gallery-columns-3 gallery-size-thumbnail'><dl class='gallery-item'>\n\t\t\t<dt class='gallery-icon landscape'>\n\t\t\t\t<a href='https:\/\/baptist.org.md\/ro\/?attachment_id=11039'><img loading=\"lazy\" decoding=\"async\" width=\"150\" height=\"150\" src=\"https:\/\/baptist.org.md\/ro\/wp-content\/uploads\/Pastorul-Veaceslav-Cheptea-4-150x150.jpg\" class=\"attachment-thumbnail size-thumbnail\" alt=\"\" srcset=\"https:\/\/baptist.org.md\/ro\/wp-content\/uploads\/Pastorul-Veaceslav-Cheptea-4-150x150.jpg 150w, https:\/\/baptist.org.md\/ro\/wp-content\/uploads\/Pastorul-Veaceslav-Cheptea-4-160x160.jpg 160w\" sizes=\"auto, (max-width: 150px) 100vw, 150px\" \/><\/a>\n\t\t\t<\/dt><\/dl><dl class='gallery-item'>\n\t\t\t<dt class='gallery-icon portrait'>\n\t\t\t\t<a href='https:\/\/baptist.org.md\/ro\/?attachment_id=11040'><img loading=\"lazy\" decoding=\"async\" width=\"150\" height=\"150\" src=\"https:\/\/baptist.org.md\/ro\/wp-content\/uploads\/Pastorul-Veaceslav-Cheptea-5-150x150.jpg\" class=\"attachment-thumbnail size-thumbnail\" alt=\"\" srcset=\"https:\/\/baptist.org.md\/ro\/wp-content\/uploads\/Pastorul-Veaceslav-Cheptea-5-150x150.jpg 150w, https:\/\/baptist.org.md\/ro\/wp-content\/uploads\/Pastorul-Veaceslav-Cheptea-5-160x160.jpg 160w\" sizes=\"auto, (max-width: 150px) 100vw, 150px\" \/><\/a>\n\t\t\t<\/dt><\/dl><dl class='gallery-item'>\n\t\t\t<dt class='gallery-icon portrait'>\n\t\t\t\t<a href='https:\/\/baptist.org.md\/ro\/?attachment_id=11041'><img loading=\"lazy\" decoding=\"async\" width=\"150\" height=\"150\" src=\"https:\/\/baptist.org.md\/ro\/wp-content\/uploads\/Pastorul-Veaceslav-Cheptea-6-150x150.jpg\" class=\"attachment-thumbnail size-thumbnail\" alt=\"\" srcset=\"https:\/\/baptist.org.md\/ro\/wp-content\/uploads\/Pastorul-Veaceslav-Cheptea-6-150x150.jpg 150w, https:\/\/baptist.org.md\/ro\/wp-content\/uploads\/Pastorul-Veaceslav-Cheptea-6-160x160.jpg 160w\" sizes=\"auto, (max-width: 150px) 100vw, 150px\" \/><\/a>\n\t\t\t<\/dt><\/dl><br style=\"clear: both\" \/>\n\t\t<\/div>\n\n","protected":false},"excerpt":{"rendered":"<p>Un sfert de or\u0103 \u00een urm\u0103 a plecat \u00een ve\u015fnicii pastorul Bisericii Baptiste din H\u00eejdieni, Veaceslav Cheptea. Acesta suferea de\u00a0cancer \u015fi \u00een ultima vizit\u0103 c\u00e2nd l-am v\u0103zut acum o lun\u0103, ne spunea c\u0103 \u00eei&#46;&#46;&#46;<\/p>\n","protected":false},"author":2,"featured_media":11036,"comment_status":"open","ping_status":"open","sticky":false,"template":"","format":"standard","meta":{"footnotes":""},"categories":[513,77,23],"tags":[1098,1100,1101,769,1099,1097],"class_list":["post-11029","post","type-post","status-publish","format-standard","has-post-thumbnail","hentry","category-nevoi-de-rugaciune","category-slides","category-interne","tag-biserica-baptista-din-hijdieni","tag-cancer","tag-familia-cheptea","tag-motiv-de-rugaciune","tag-pastorul-din-hijdieni","tag-veaceslav-cheptea"],"fimg_url":"https:\/\/baptist.org.md\/ro\/wp-content\/uploads\/Pastorul-Veaceslav-Cheptea-3.jpg","views":8447,"_links":{"self":[{"href":"https:\/\/baptist.org.md\/ro\/index.php?rest_route=\/wp\/v2\/posts\/11029","targetHints":{"allow":["GET"]}}],"collection":[{"href":"https:\/\/baptist.org.md\/ro\/index.php?rest_route=\/wp\/v2\/posts"}],"about":[{"href":"https:\/\/baptist.org.md\/ro\/index.php?rest_route=\/wp\/v2\/types\/post"}],"author":[{"embeddable":true,"href":"https:\/\/baptist.org.md\/ro\/index.php?rest_route=\/wp\/v2\/users\/2"}],"replies":[{"embeddable":true,"href":"https:\/\/baptist.org.md\/ro\/index.php?rest_route=%2Fwp%2Fv2%2Fcomments&post=11029"}],"version-history":[{"count":7,"href":"https:\/\/baptist.org.md\/ro\/index.php?rest_route=\/wp\/v2\/posts\/11029\/revisions"}],"predecessor-version":[{"id":11042,"href":"https:\/\/baptist.org.md\/ro\/index.php?rest_route=\/wp\/v2\/posts\/11029\/revisions\/11042"}],"wp:featuredmedia":[{"embeddable":true,"href":"https:\/\/baptist.org.md\/ro\/index.php?rest_route=\/wp\/v2\/media\/11036"}],"wp:attachment":[{"href":"https:\/\/baptist.org.md\/ro\/index.php?rest_route=%2Fwp%2Fv2%2Fmedia&parent=11029"}],"wp:term":[{"taxonomy":"category","embeddable":true,"href":"https:\/\/baptist.org.md\/ro\/index.php?rest_route=%2Fwp%2Fv2%2Fcategories&post=11029"},{"taxonomy":"post_tag","embeddable":true,"href":"https:\/\/baptist.org.md\/ro\/index.php?rest_route=%2Fwp%2Fv2%2Ftags&post=11029"}],"curies":[{"name":"wp","href":"https:\/\/api.w.org\/{rel}","templated":true}]}}