{"id":10747,"date":"2015-07-06T08:52:09","date_gmt":"2015-07-06T05:52:09","guid":{"rendered":"http:\/\/baptist.org.md\/ro\/?p=10747"},"modified":"2015-07-06T08:52:22","modified_gmt":"2015-07-06T05:52:22","slug":"demonstratie-de-pictura-cu-ana-petrenco-golgota-video","status":"publish","type":"post","link":"https:\/\/baptist.org.md\/ro\/?p=10747","title":{"rendered":"Demonstra\u0163ie de pictur\u0103 cu Ana Petrenco: &#8220;Golgota&#8221; VIDEO"},"content":{"rendered":"<p style=\"text-align: justify;\"><a href=\"http:\/\/baptist.org.md\/ro\/wp-content\/uploads\/DSC09059-001.jpg\"><img loading=\"lazy\" decoding=\"async\" class=\"aligncenter size-full wp-image-10743\" src=\"http:\/\/baptist.org.md\/ro\/wp-content\/uploads\/DSC09059-001.jpg\" alt=\"DSC09059-001\" width=\"720\" height=\"540\" srcset=\"https:\/\/baptist.org.md\/ro\/wp-content\/uploads\/DSC09059-001.jpg 720w, https:\/\/baptist.org.md\/ro\/wp-content\/uploads\/DSC09059-001-300x225.jpg 300w\" sizes=\"auto, (max-width: 720px) 100vw, 720px\" \/><\/a><\/p>\n<p style=\"text-align: justify;\">Demonstra\u0163ie de pictur\u0103 cu Ana Petrenco: &#8220;Golgota&#8221; la Conferin\u0163a Tinerilor din Comunitatea H\u00eence\u015fti g\u0103zduit\u0103 de Biserica Baptist\u0103 Dancu.<\/p>\n<p><iframe loading=\"lazy\" src=\"https:\/\/www.youtube.com\/embed\/2NavD98Qpak\" width=\"640\" height=\"360\" frameborder=\"0\" allowfullscreen=\"allowfullscreen\"><\/iframe><\/p>\n","protected":false},"excerpt":{"rendered":"<p>Demonstra\u0163ie de pictur\u0103 cu Ana Petrenco: &#8220;Golgota&#8221; la Conferin\u0163a Tinerilor din Comunitatea H\u00eence\u015fti g\u0103zduit\u0103 de Biserica Baptist\u0103 Dancu.<\/p>\n","protected":false},"author":2,"featured_media":10743,"comment_status":"open","ping_status":"open","sticky":false,"template":"","format":"standard","meta":{"footnotes":""},"categories":[28],"tags":[1050,1052,194,1051],"class_list":["post-10747","post","type-post","status-publish","format-standard","has-post-thumbnail","hentry","category-video","tag-ana-petrenco","tag-biserica-baptista-dancu","tag-comunitatea-hincesti","tag-golgota"],"fimg_url":"https:\/\/baptist.org.md\/ro\/wp-content\/uploads\/DSC09059-001.jpg","views":2327,"_links":{"self":[{"href":"https:\/\/baptist.org.md\/ro\/index.php?rest_route=\/wp\/v2\/posts\/10747","targetHints":{"allow":["GET"]}}],"collection":[{"href":"https:\/\/baptist.org.md\/ro\/index.php?rest_route=\/wp\/v2\/posts"}],"about":[{"href":"https:\/\/baptist.org.md\/ro\/index.php?rest_route=\/wp\/v2\/types\/post"}],"author":[{"embeddable":true,"href":"https:\/\/baptist.org.md\/ro\/index.php?rest_route=\/wp\/v2\/users\/2"}],"replies":[{"embeddable":true,"href":"https:\/\/baptist.org.md\/ro\/index.php?rest_route=%2Fwp%2Fv2%2Fcomments&post=10747"}],"version-history":[{"count":2,"href":"https:\/\/baptist.org.md\/ro\/index.php?rest_route=\/wp\/v2\/posts\/10747\/revisions"}],"predecessor-version":[{"id":10749,"href":"https:\/\/baptist.org.md\/ro\/index.php?rest_route=\/wp\/v2\/posts\/10747\/revisions\/10749"}],"wp:featuredmedia":[{"embeddable":true,"href":"https:\/\/baptist.org.md\/ro\/index.php?rest_route=\/wp\/v2\/media\/10743"}],"wp:attachment":[{"href":"https:\/\/baptist.org.md\/ro\/index.php?rest_route=%2Fwp%2Fv2%2Fmedia&parent=10747"}],"wp:term":[{"taxonomy":"category","embeddable":true,"href":"https:\/\/baptist.org.md\/ro\/index.php?rest_route=%2Fwp%2Fv2%2Fcategories&post=10747"},{"taxonomy":"post_tag","embeddable":true,"href":"https:\/\/baptist.org.md\/ro\/index.php?rest_route=%2Fwp%2Fv2%2Ftags&post=10747"}],"curies":[{"name":"wp","href":"https:\/\/api.w.org\/{rel}","templated":true}]}}