{"id":10724,"date":"2015-07-04T18:47:01","date_gmt":"2015-07-04T15:47:01","guid":{"rendered":"http:\/\/baptist.org.md\/ro\/?p=10724"},"modified":"2015-07-04T19:24:09","modified_gmt":"2015-07-04T16:24:09","slug":"provocare-pentru-tinerii-din-comunitatea-hincesti-cum-sa-ma-inteleg-cu-liderul-meu","status":"publish","type":"post","link":"https:\/\/baptist.org.md\/ro\/?p=10724","title":{"rendered":"PROVOCARE pentru tinerii din Comunitatea H\u00eence\u015fti: &#8220;Cum s\u0103 m\u0103 \u00een\u0163eleg cu liderul meu?&#8221;"},"content":{"rendered":"<p style=\"text-align: justify;\"><a href=\"http:\/\/baptist.org.md\/ro\/wp-content\/uploads\/DSC09070-001.jpg\"><img loading=\"lazy\" decoding=\"async\" class=\"aligncenter wp-image-10741 size-full\" src=\"http:\/\/baptist.org.md\/ro\/wp-content\/uploads\/DSC09070-001-e1436024655174.jpg\" alt=\"DSC09070-001\" width=\"719\" height=\"435\" srcset=\"https:\/\/baptist.org.md\/ro\/wp-content\/uploads\/DSC09070-001-e1436024655174.jpg 719w, https:\/\/baptist.org.md\/ro\/wp-content\/uploads\/DSC09070-001-e1436024655174-300x181.jpg 300w\" sizes=\"auto, (max-width: 719px) 100vw, 719px\" \/><\/a><\/p>\n<p style=\"text-align: justify;\">Cum s\u0103 m\u0103 \u00een\u0163eleg cu liderul meu? A fost subiectul discutat s\u00e2mb\u0103t\u0103, 04 iulie, \u00een cadrul \u00eent\u00e2lnirii de tineret pe Comunitatea H\u00eence\u015fti. Evenimentul g\u0103zduit de Biserica Baptist\u0103 din satul Dancu a adunat tineri din peste 10 Biserici din Comunitate.<\/p>\n<p style=\"text-align: justify;\">P\u0103rt\u0103\u015fia a fost deschis\u0103 cu un timp de laud\u0103 \u015fi \u00eenchinare condus de tinerii \u015fi grupul \u201eGhetsimani\u201d din Biserica local\u0103. La momentul de \u00eenchinare, tinerilor li s-au al\u0103turat \u015fi pastorii din comunitate.<img loading=\"lazy\" decoding=\"async\" class=\"aligncenter size-full wp-image-10739\" src=\"http:\/\/baptist.org.md\/ro\/wp-content\/uploads\/DSC09041-001.jpg\" alt=\"DSC09041-001\" width=\"720\" height=\"540\" srcset=\"https:\/\/baptist.org.md\/ro\/wp-content\/uploads\/DSC09041-001.jpg 720w, https:\/\/baptist.org.md\/ro\/wp-content\/uploads\/DSC09041-001-300x225.jpg 300w\" sizes=\"auto, (max-width: 720px) 100vw, 720px\" \/><\/p>\n<p style=\"text-align: justify;\">Liderul de tineret a Bisericii din Dancu, Vadim Talmaci a \u00eendemnat tinerii s\u0103 lase \u00een urm\u0103 oboseala, triste\u0163ile \u015fi s\u0103 se dedice \u00een \u00eenchinare cu toat\u0103 inima, cu evlavie, cu z\u00e2mbetul pe fa\u0163\u0103.<\/p>\n<p style=\"text-align: justify;\">\u201eAm venit \u00een Casa Domnului \u00een aceast\u0103 zi s\u0103 dedic\u0103m o zi de \u00eenchinare. \u00cen prezen\u0163a Lui trebuie s\u0103 ne prezent\u0103m cu bucurie, cu o inim\u0103 plin\u0103 de adorare fa\u0163\u0103 de m\u0103re\u0163ia \u015fi sfin\u0163enia Lui. Haide\u0163i s\u0103 \u00eei permitem s\u0103 ne umple inima cu pace \u015fi bucurie \u015fi haide\u0163i s\u0103 se vad\u0103 acest lucru \u015fi pe fa\u0163a noastr\u0103\u201d, a \u00eendemnat Vadim Talmaci.<\/p>\n<p style=\"text-align: justify;\"><a href=\"http:\/\/baptist.org.md\/ro\/wp-content\/uploads\/vitalie_carabet_dancu-001.jpg\"><img loading=\"lazy\" decoding=\"async\" class=\"aligncenter size-full wp-image-10742\" src=\"http:\/\/baptist.org.md\/ro\/wp-content\/uploads\/vitalie_carabet_dancu-001.jpg\" alt=\"vitalie_carabet_dancu-001\" width=\"720\" height=\"328\" srcset=\"https:\/\/baptist.org.md\/ro\/wp-content\/uploads\/vitalie_carabet_dancu-001.jpg 720w, https:\/\/baptist.org.md\/ro\/wp-content\/uploads\/vitalie_carabet_dancu-001-300x136.jpg 300w\" sizes=\"auto, (max-width: 720px) 100vw, 720px\" \/><\/a><\/p>\n<p style=\"text-align: justify;\">La \u00eentrebarea: Cum s\u0103 m\u0103 \u00een\u0163eleg cu liderul meu? Au venit cu r\u0103spunsuri inspirate din Sfintele Scripturi liderul na\u0163ional de tineret, Vitalie Carabe\u0163 \u015fi liderul responsabil de lucrarea cu adolescen\u0163ii, Eduard Petrenco.<\/p>\n<p><iframe loading=\"lazy\" style=\"width: 100%; height: 131px;\" src=\"https:\/\/www.spreaker.com\/embed\/player\/standard?episode_id=6308078&amp;autoplay=false\" width=\"300\" height=\"150\" frameborder=\"0\" scrolling=\"no\"><\/iframe><\/p>\n<p style=\"text-align: justify;\">O surpriz\u0103 a fost o demonstra\u0163ie LIVE de pictur\u0103. Ana Petrenco a pictat doar cu degetele o imagine cu dealul Golgota \u00een acuarele.<\/p>\n<p style=\"text-align: justify;\"><a href=\"http:\/\/baptist.org.md\/ro\/wp-content\/uploads\/DSC09059-001.jpg\"><img loading=\"lazy\" decoding=\"async\" class=\"aligncenter size-full wp-image-10743\" src=\"http:\/\/baptist.org.md\/ro\/wp-content\/uploads\/DSC09059-001.jpg\" alt=\"DSC09059-001\" width=\"720\" height=\"540\" srcset=\"https:\/\/baptist.org.md\/ro\/wp-content\/uploads\/DSC09059-001.jpg 720w, https:\/\/baptist.org.md\/ro\/wp-content\/uploads\/DSC09059-001-300x225.jpg 300w\" sizes=\"auto, (max-width: 720px) 100vw, 720px\" \/><\/a><\/p>\n<p style=\"text-align: justify;\">Acest moment e prea greu de descris \u00een cuvinte, de aceea am \u00eenserat mai jos demonstra\u0163ia VIDEO.<\/p>\n<p><iframe loading=\"lazy\" src=\"https:\/\/www.youtube.com\/embed\/2NavD98Qpak\" width=\"640\" height=\"360\" frameborder=\"0\" allowfullscreen=\"allowfullscreen\"><\/iframe><\/p>\n<p style=\"text-align: justify;\">P\u0103rt\u0103\u015fia tinerilor din Comunitatea H\u00eence\u015fti s-a \u00eencheiat cu un concurs Biblic \u00een baza epistolelor 1 \u015fi 2 Timotei. Primul loc a fost c\u00e2\u015ftigat de tinerii Bisericii Baptiste din Voinescu. Pe locul doi s-au plasat tinerii Bisericii din H\u00eertop \u015fi locul trei a fost ocupat de tinerii din Mingir.<\/p>\n<p style=\"text-align: justify;\">Urm\u0103toarea \u00eent\u00e2lnire de tineret \u00een Comunitatea H\u00eence\u015fti va avea loc pe 12 septembrie \u00een Biserica \u201eBetania\u201d din C\u0103rpineni. Conferin\u0163a cu tema: \u201eFacerea de bine\u201d va avea \u00een calitate de vorbitor episcopul Uniunii Bisericilor Cre\u015ftine Evanghelice Baptiste (UBCEB), Ion Miron. Concursul de la urm\u0103toarea \u00eent\u00e2lnire va avea loc \u00een baza c\u0103r\u0163ii Rut.<\/p>\n\n\t\t<style type=\"text\/css\">\n\t\t\t#gallery-1 {\n\t\t\t\tmargin: auto;\n\t\t\t}\n\t\t\t#gallery-1 .gallery-item {\n\t\t\t\tfloat: left;\n\t\t\t\tmargin-top: 10px;\n\t\t\t\ttext-align: center;\n\t\t\t\twidth: 25%;\n\t\t\t}\n\t\t\t#gallery-1 img {\n\t\t\t\tborder: 2px solid #cfcfcf;\n\t\t\t}\n\t\t\t#gallery-1 .gallery-caption {\n\t\t\t\tmargin-left: 0;\n\t\t\t}\n\t\t\t\/* see gallery_shortcode() in wp-includes\/media.php *\/\n\t\t<\/style>\n\t\t<div id='gallery-1' class='gallery galleryid-10724 gallery-columns-4 gallery-size-thumbnail'><dl class='gallery-item'>\n\t\t\t<dt class='gallery-icon landscape'>\n\t\t\t\t<a href='https:\/\/baptist.org.md\/ro\/?attachment_id=10738'><img loading=\"lazy\" decoding=\"async\" width=\"150\" height=\"150\" src=\"https:\/\/baptist.org.md\/ro\/wp-content\/uploads\/DSC09040-001-150x150.jpg\" class=\"attachment-thumbnail size-thumbnail\" alt=\"\" aria-describedby=\"gallery-1-10738\" srcset=\"https:\/\/baptist.org.md\/ro\/wp-content\/uploads\/DSC09040-001-150x150.jpg 150w, https:\/\/baptist.org.md\/ro\/wp-content\/uploads\/DSC09040-001-160x160.jpg 160w\" sizes=\"auto, (max-width: 150px) 100vw, 150px\" \/><\/a>\n\t\t\t<\/dt>\n\t\t\t\t<dd class='wp-caption-text gallery-caption' id='gallery-1-10738'>\n\t\t\t\tTinerii din Comunitatea H\u00eence\u015fti\n\t\t\t\t<\/dd><\/dl><dl class='gallery-item'>\n\t\t\t<dt class='gallery-icon landscape'>\n\t\t\t\t<a href='https:\/\/baptist.org.md\/ro\/?attachment_id=10737'><img loading=\"lazy\" decoding=\"async\" width=\"150\" height=\"150\" src=\"https:\/\/baptist.org.md\/ro\/wp-content\/uploads\/DSC09037-001-150x150.jpg\" class=\"attachment-thumbnail size-thumbnail\" alt=\"\" aria-describedby=\"gallery-1-10737\" srcset=\"https:\/\/baptist.org.md\/ro\/wp-content\/uploads\/DSC09037-001-150x150.jpg 150w, https:\/\/baptist.org.md\/ro\/wp-content\/uploads\/DSC09037-001-160x160.jpg 160w\" sizes=\"auto, (max-width: 150px) 100vw, 150px\" \/><\/a>\n\t\t\t<\/dt>\n\t\t\t\t<dd class='wp-caption-text gallery-caption' id='gallery-1-10737'>\n\t\t\t\tLiderul na\u0163ional de tineret, Vitalie Carabe\u0163\n\t\t\t\t<\/dd><\/dl><dl class='gallery-item'>\n\t\t\t<dt class='gallery-icon landscape'>\n\t\t\t\t<a href='https:\/\/baptist.org.md\/ro\/?attachment_id=10736'><img loading=\"lazy\" decoding=\"async\" width=\"150\" height=\"150\" src=\"https:\/\/baptist.org.md\/ro\/wp-content\/uploads\/DSC09030-001-150x150.jpg\" class=\"attachment-thumbnail size-thumbnail\" alt=\"\" aria-describedby=\"gallery-1-10736\" srcset=\"https:\/\/baptist.org.md\/ro\/wp-content\/uploads\/DSC09030-001-150x150.jpg 150w, https:\/\/baptist.org.md\/ro\/wp-content\/uploads\/DSC09030-001-160x160.jpg 160w\" sizes=\"auto, (max-width: 150px) 100vw, 150px\" \/><\/a>\n\t\t\t<\/dt>\n\t\t\t\t<dd class='wp-caption-text gallery-caption' id='gallery-1-10736'>\n\t\t\t\tTinerii din Comunitatea H\u00eence\u015fti\n\t\t\t\t<\/dd><\/dl><dl class='gallery-item'>\n\t\t\t<dt class='gallery-icon landscape'>\n\t\t\t\t<a href='https:\/\/baptist.org.md\/ro\/?attachment_id=10735'><img loading=\"lazy\" decoding=\"async\" width=\"150\" height=\"150\" src=\"https:\/\/baptist.org.md\/ro\/wp-content\/uploads\/DSC09022-001-150x150.jpg\" class=\"attachment-thumbnail size-thumbnail\" alt=\"\" srcset=\"https:\/\/baptist.org.md\/ro\/wp-content\/uploads\/DSC09022-001-150x150.jpg 150w, https:\/\/baptist.org.md\/ro\/wp-content\/uploads\/DSC09022-001-160x160.jpg 160w\" sizes=\"auto, (max-width: 150px) 100vw, 150px\" \/><\/a>\n\t\t\t<\/dt><\/dl><br style=\"clear: both\" \/><dl class='gallery-item'>\n\t\t\t<dt class='gallery-icon landscape'>\n\t\t\t\t<a href='https:\/\/baptist.org.md\/ro\/?attachment_id=10734'><img loading=\"lazy\" decoding=\"async\" width=\"150\" height=\"150\" src=\"https:\/\/baptist.org.md\/ro\/wp-content\/uploads\/DSC09018-001-150x150.jpg\" class=\"attachment-thumbnail size-thumbnail\" alt=\"\" aria-describedby=\"gallery-1-10734\" srcset=\"https:\/\/baptist.org.md\/ro\/wp-content\/uploads\/DSC09018-001-150x150.jpg 150w, https:\/\/baptist.org.md\/ro\/wp-content\/uploads\/DSC09018-001-160x160.jpg 160w\" sizes=\"auto, (max-width: 150px) 100vw, 150px\" \/><\/a>\n\t\t\t<\/dt>\n\t\t\t\t<dd class='wp-caption-text gallery-caption' id='gallery-1-10734'>\n\t\t\t\tTinerii din Sadaclia, Comunitatea H\u00eence\u015fti\n\t\t\t\t<\/dd><\/dl><dl class='gallery-item'>\n\t\t\t<dt class='gallery-icon landscape'>\n\t\t\t\t<a href='https:\/\/baptist.org.md\/ro\/?attachment_id=10733'><img loading=\"lazy\" decoding=\"async\" width=\"150\" height=\"150\" src=\"https:\/\/baptist.org.md\/ro\/wp-content\/uploads\/DSC09017-001-150x150.jpg\" class=\"attachment-thumbnail size-thumbnail\" alt=\"\" aria-describedby=\"gallery-1-10733\" srcset=\"https:\/\/baptist.org.md\/ro\/wp-content\/uploads\/DSC09017-001-150x150.jpg 150w, https:\/\/baptist.org.md\/ro\/wp-content\/uploads\/DSC09017-001-160x160.jpg 160w\" sizes=\"auto, (max-width: 150px) 100vw, 150px\" \/><\/a>\n\t\t\t<\/dt>\n\t\t\t\t<dd class='wp-caption-text gallery-caption' id='gallery-1-10733'>\n\t\t\t\tTinerii din Dancu, Comunitatea H\u00eence\u015fti\n\t\t\t\t<\/dd><\/dl><dl class='gallery-item'>\n\t\t\t<dt class='gallery-icon landscape'>\n\t\t\t\t<a href='https:\/\/baptist.org.md\/ro\/?attachment_id=10732'><img loading=\"lazy\" decoding=\"async\" width=\"150\" height=\"150\" src=\"https:\/\/baptist.org.md\/ro\/wp-content\/uploads\/DSC09016-001-150x150.jpg\" class=\"attachment-thumbnail size-thumbnail\" alt=\"\" aria-describedby=\"gallery-1-10732\" srcset=\"https:\/\/baptist.org.md\/ro\/wp-content\/uploads\/DSC09016-001-150x150.jpg 150w, https:\/\/baptist.org.md\/ro\/wp-content\/uploads\/DSC09016-001-160x160.jpg 160w\" sizes=\"auto, (max-width: 150px) 100vw, 150px\" \/><\/a>\n\t\t\t<\/dt>\n\t\t\t\t<dd class='wp-caption-text gallery-caption' id='gallery-1-10732'>\n\t\t\t\tTinerii din Comunitatea H\u00eence\u015fti\n\t\t\t\t<\/dd><\/dl><dl class='gallery-item'>\n\t\t\t<dt class='gallery-icon landscape'>\n\t\t\t\t<a href='https:\/\/baptist.org.md\/ro\/?attachment_id=10731'><img loading=\"lazy\" decoding=\"async\" width=\"150\" height=\"150\" src=\"https:\/\/baptist.org.md\/ro\/wp-content\/uploads\/DSC09000-001-150x150.jpg\" class=\"attachment-thumbnail size-thumbnail\" alt=\"\" srcset=\"https:\/\/baptist.org.md\/ro\/wp-content\/uploads\/DSC09000-001-150x150.jpg 150w, https:\/\/baptist.org.md\/ro\/wp-content\/uploads\/DSC09000-001-160x160.jpg 160w\" sizes=\"auto, (max-width: 150px) 100vw, 150px\" \/><\/a>\n\t\t\t<\/dt><\/dl><br style=\"clear: both\" \/><dl class='gallery-item'>\n\t\t\t<dt class='gallery-icon landscape'>\n\t\t\t\t<a href='https:\/\/baptist.org.md\/ro\/?attachment_id=10730'><img loading=\"lazy\" decoding=\"async\" width=\"150\" height=\"150\" src=\"https:\/\/baptist.org.md\/ro\/wp-content\/uploads\/DSC08997-001-150x150.jpg\" class=\"attachment-thumbnail size-thumbnail\" alt=\"\" aria-describedby=\"gallery-1-10730\" srcset=\"https:\/\/baptist.org.md\/ro\/wp-content\/uploads\/DSC08997-001-150x150.jpg 150w, https:\/\/baptist.org.md\/ro\/wp-content\/uploads\/DSC08997-001-160x160.jpg 160w\" sizes=\"auto, (max-width: 150px) 100vw, 150px\" \/><\/a>\n\t\t\t<\/dt>\n\t\t\t\t<dd class='wp-caption-text gallery-caption' id='gallery-1-10730'>\n\t\t\t\tTinerii Bisericii Baptiste din Dancu\n\t\t\t\t<\/dd><\/dl><dl class='gallery-item'>\n\t\t\t<dt class='gallery-icon landscape'>\n\t\t\t\t<a href='https:\/\/baptist.org.md\/ro\/?attachment_id=10729'><img loading=\"lazy\" decoding=\"async\" width=\"150\" height=\"150\" src=\"https:\/\/baptist.org.md\/ro\/wp-content\/uploads\/DSC08996-001-150x150.jpg\" class=\"attachment-thumbnail size-thumbnail\" alt=\"\" srcset=\"https:\/\/baptist.org.md\/ro\/wp-content\/uploads\/DSC08996-001-150x150.jpg 150w, https:\/\/baptist.org.md\/ro\/wp-content\/uploads\/DSC08996-001-160x160.jpg 160w\" sizes=\"auto, (max-width: 150px) 100vw, 150px\" \/><\/a>\n\t\t\t<\/dt><\/dl><dl class='gallery-item'>\n\t\t\t<dt class='gallery-icon landscape'>\n\t\t\t\t<a href='https:\/\/baptist.org.md\/ro\/?attachment_id=10740'><img loading=\"lazy\" decoding=\"async\" width=\"150\" height=\"150\" src=\"https:\/\/baptist.org.md\/ro\/wp-content\/uploads\/DSC09050-001-150x150.jpg\" class=\"attachment-thumbnail size-thumbnail\" alt=\"\" srcset=\"https:\/\/baptist.org.md\/ro\/wp-content\/uploads\/DSC09050-001-150x150.jpg 150w, https:\/\/baptist.org.md\/ro\/wp-content\/uploads\/DSC09050-001-160x160.jpg 160w\" sizes=\"auto, (max-width: 150px) 100vw, 150px\" \/><\/a>\n\t\t\t<\/dt><\/dl><dl class='gallery-item'>\n\t\t\t<dt class='gallery-icon landscape'>\n\t\t\t\t<a href='https:\/\/baptist.org.md\/ro\/?attachment_id=10741'><img loading=\"lazy\" decoding=\"async\" width=\"150\" height=\"150\" src=\"https:\/\/baptist.org.md\/ro\/wp-content\/uploads\/DSC09070-001-e1436024655174-150x150.jpg\" class=\"attachment-thumbnail size-thumbnail\" alt=\"\" aria-describedby=\"gallery-1-10741\" srcset=\"https:\/\/baptist.org.md\/ro\/wp-content\/uploads\/DSC09070-001-e1436024655174-150x150.jpg 150w, https:\/\/baptist.org.md\/ro\/wp-content\/uploads\/DSC09070-001-e1436024655174-160x160.jpg 160w\" sizes=\"auto, (max-width: 150px) 100vw, 150px\" \/><\/a>\n\t\t\t<\/dt>\n\t\t\t\t<dd class='wp-caption-text gallery-caption' id='gallery-1-10741'>\n\t\t\t\tTinerii din Comunitatea H\u00eence\u015fti\n\t\t\t\t<\/dd><\/dl><br style=\"clear: both\" \/>\n\t\t<\/div>\n\n","protected":false},"excerpt":{"rendered":"<p>Cum s\u0103 m\u0103 \u00een\u0163eleg cu liderul meu? A fost subiectul discutat s\u00e2mb\u0103t\u0103, 04 iulie, \u00een cadrul \u00eent\u00e2lnirii de tineret pe Comunitatea H\u00eence\u015fti. Evenimentul g\u0103zduit de Biserica Baptist\u0103 din satul Dancu a adunat tineri din&#46;&#46;&#46;<\/p>\n","protected":false},"author":2,"featured_media":10746,"comment_status":"open","ping_status":"open","sticky":false,"template":"","format":"standard","meta":{"footnotes":""},"categories":[2,77,23,27],"tags":[194,1049,1048,1047,114,131],"class_list":["post-10724","post","type-post","status-publish","format-standard","has-post-thumbnail","hentry","category-spiritualitate","category-slides","category-interne","category-tineret-tineri-in-actiune","tag-comunitatea-hincesti","tag-concurs-pe-epistolele-catre-timotei","tag-cum-sa-ma-impac-cu-liderii-mei","tag-intalnire-de-tineret-pe-comunitatea-hincesti","tag-uniunea-baptista","tag-vitalie-carabet"],"fimg_url":"https:\/\/baptist.org.md\/ro\/wp-content\/uploads\/provocare-pentru-tinerii-din-com.jpg","views":4338,"_links":{"self":[{"href":"https:\/\/baptist.org.md\/ro\/index.php?rest_route=\/wp\/v2\/posts\/10724","targetHints":{"allow":["GET"]}}],"collection":[{"href":"https:\/\/baptist.org.md\/ro\/index.php?rest_route=\/wp\/v2\/posts"}],"about":[{"href":"https:\/\/baptist.org.md\/ro\/index.php?rest_route=\/wp\/v2\/types\/post"}],"author":[{"embeddable":true,"href":"https:\/\/baptist.org.md\/ro\/index.php?rest_route=\/wp\/v2\/users\/2"}],"replies":[{"embeddable":true,"href":"https:\/\/baptist.org.md\/ro\/index.php?rest_route=%2Fwp%2Fv2%2Fcomments&post=10724"}],"version-history":[{"count":6,"href":"https:\/\/baptist.org.md\/ro\/index.php?rest_route=\/wp\/v2\/posts\/10724\/revisions"}],"predecessor-version":[{"id":10745,"href":"https:\/\/baptist.org.md\/ro\/index.php?rest_route=\/wp\/v2\/posts\/10724\/revisions\/10745"}],"wp:featuredmedia":[{"embeddable":true,"href":"https:\/\/baptist.org.md\/ro\/index.php?rest_route=\/wp\/v2\/media\/10746"}],"wp:attachment":[{"href":"https:\/\/baptist.org.md\/ro\/index.php?rest_route=%2Fwp%2Fv2%2Fmedia&parent=10724"}],"wp:term":[{"taxonomy":"category","embeddable":true,"href":"https:\/\/baptist.org.md\/ro\/index.php?rest_route=%2Fwp%2Fv2%2Fcategories&post=10724"},{"taxonomy":"post_tag","embeddable":true,"href":"https:\/\/baptist.org.md\/ro\/index.php?rest_route=%2Fwp%2Fv2%2Ftags&post=10724"}],"curies":[{"name":"wp","href":"https:\/\/api.w.org\/{rel}","templated":true}]}}