{"id":10424,"date":"2015-06-25T17:35:09","date_gmt":"2015-06-25T14:35:09","guid":{"rendered":"http:\/\/baptist.org.md\/ro\/?p=10424"},"modified":"2015-07-03T13:14:10","modified_gmt":"2015-07-03T10:14:10","slug":"simion-moraru-este-noul-diacon-ordinat-in-biserica-betania-din-carpineni-foto","status":"publish","type":"post","link":"https:\/\/baptist.org.md\/ro\/?p=10424","title":{"rendered":"Simion Moraru este noul diacon ordinat \u00een Biserica &#8220;Betania&#8221; din C\u0103rpineni (FOTO)"},"content":{"rendered":"<p style=\"text-align: justify;\"><a href=\"http:\/\/baptist.org.md\/ro\/wp-content\/uploads\/DT6A8013.jpg\"><img loading=\"lazy\" decoding=\"async\" class=\"aligncenter wp-image-10442\" src=\"http:\/\/baptist.org.md\/ro\/wp-content\/uploads\/DT6A8013.jpg\" alt=\"DT6A8013\" width=\"720\" height=\"481\" srcset=\"https:\/\/baptist.org.md\/ro\/wp-content\/uploads\/DT6A8013.jpg 851w, https:\/\/baptist.org.md\/ro\/wp-content\/uploads\/DT6A8013-300x200.jpg 300w\" sizes=\"auto, (max-width: 720px) 100vw, 720px\" \/><\/a><\/p>\n<p style=\"text-align: justify;\">Biserica &#8220;Betania&#8221; din C\u0103rpineni se bucur\u0103 de un nou slujitor dedicat lucr\u0103rii de diacon. Duminic\u0103, 20 iulie, conducerea Uniunii Bisericilor Cre\u015ftine Evanghelice Baptiste din republica Moldova a oficiat serviciul de ordinare la diacon a fratelui Simion Moraru.<\/p>\n<p style=\"text-align: justify;\">La rug\u0103ciunea prin punerea m\u00e2inilor au participat Episcopul UBCEB, Ion Miron, pre\u015fedintele Comunit\u0103\u0163ii de H\u00eence\u015fti, Andrei Chicerman, pastorul Bisericii nr. 2 din C\u0103rpineni, Nicolae Podoleanu, pastorul Bisericii din Horje\u015fti, Petru S\u00eerbu, misionarul Pavel Clipa din Rom\u00e2nia \u015fi al\u0163i prieteni ai Bisericii din C\u0103rpineni.<\/p>\n<p style=\"text-align: justify;\"><a href=\"http:\/\/baptist.org.md\/ro\/wp-content\/uploads\/DT6A7951.jpg\"><img loading=\"lazy\" decoding=\"async\" class=\"aligncenter wp-image-10440\" src=\"http:\/\/baptist.org.md\/ro\/wp-content\/uploads\/DT6A7951.jpg\" alt=\"DT6A7951\" width=\"720\" height=\"481\" srcset=\"https:\/\/baptist.org.md\/ro\/wp-content\/uploads\/DT6A7951.jpg 851w, https:\/\/baptist.org.md\/ro\/wp-content\/uploads\/DT6A7951-300x200.jpg 300w\" sizes=\"auto, (max-width: 720px) 100vw, 720px\" \/><\/a><\/p>\n<p style=\"text-align: justify;\">\u00cen mesajul s\u0103u de ordinare, episcopul UBCEB, Ion Miron a oferit noului diacon un model de: <strong>&#8220;Slujire \u00een umilin\u0163\u0103 dup\u0103 exemplul Domnului Isus&#8221;<\/strong>.<\/p>\n<p style=\"text-align: justify;\">&#8220;Vedem umilin\u0163a Domnului Isus \u00een slujirea Lui de m\u00e2ntuire pe p\u0103m\u00e2nt \u00een primul r\u00e2nd prin \u00eentrupare. Na\u015fterea Lui \u00een chip de om, a fost un act profund de umilin\u0163\u0103. Dumnezeul Universului a luat chip de om, neputincios. Al doilea act de umilin\u0163\u0103 \u00een via\u0163a Domnului Isus a fost suferin\u0163a. A acceptat suferin\u0163a pentru ca s\u0103 pl\u0103teasc\u0103 pre\u0163ul c\u0103derii \u015fi p\u0103catului \u00een locul omenirii. Moartea este al treilea act al umilin\u0163ei. A acceptat moartea, pentru c\u0103 era unica solu\u0163ie de a pl\u0103ti pre\u0163ul r\u0103scump\u0103r\u0103rii. \u015ei ultimul act de umilin\u0163\u0103 a fost \u00eengroparea. A trebuit s\u0103 accepte un morm\u00e2nt rece, pentru ca s\u0103 putem cunoa\u015fte gloria \u015fi m\u0103re\u0163ia Lui prin \u00eenviere&#8221;, a explicat episcopul, Ion Miron.<\/p>\n<div id=\"attachment_10434\" style=\"width: 730px\" class=\"wp-caption aligncenter\"><a href=\"http:\/\/baptist.org.md\/ro\/wp-content\/uploads\/DT6A7810.jpg\"><img loading=\"lazy\" decoding=\"async\" aria-describedby=\"caption-attachment-10434\" class=\"wp-image-10434\" src=\"http:\/\/baptist.org.md\/ro\/wp-content\/uploads\/DT6A7810.jpg\" alt=\"Pre\u015fedintele Comunit\u0103\u0163ii H\u00eence\u015fti, Andrei Chicerman \" width=\"720\" height=\"481\" srcset=\"https:\/\/baptist.org.md\/ro\/wp-content\/uploads\/DT6A7810.jpg 851w, https:\/\/baptist.org.md\/ro\/wp-content\/uploads\/DT6A7810-300x200.jpg 300w\" sizes=\"auto, (max-width: 720px) 100vw, 720px\" \/><\/a><p id=\"caption-attachment-10434\" class=\"wp-caption-text\">Pre\u015fedintele Comunit\u0103\u0163ii H\u00eence\u015fti, Andrei Chicerman<\/p><\/div>\n<p style=\"text-align: justify;\">Pastorul responsabil de Comunitatea H\u00eence\u0219ti, Andrei Chicerman, inspirat din 2 Timotei 2:15, a \u00eendemnat noul slujitor, dar \u0219i adunarea s\u0103 caute s\u0103 se \u00eenf\u0103\u021bi\u0219eze \u00eenaintea\u00a0lui Dumnezeu ca un om \u00eencercat, care nu are de ce s\u0103 \u00eei fie ru\u0219ine, ca un lucr\u0103tor bun care \u00eemparte drept Cuv\u00e2ntul Adev\u0103rului.<\/p>\n<p style=\"text-align: justify;\">&#8220;Dumnezeu ne \u00eencearc\u0103 ca s\u0103 ne fac\u0103 preg\u0103ti\u0163i pentru \u00eenf\u0103\u0163i\u015farea \u00eenaintea Lui. F\u0103 bine lucrarea lui Dumnezeu, ca atunci c\u00e2nd acest mandat se va \u00eencheia, de nimic s\u0103 nu \u00ee\u0163i fie ru\u015fine. \u00cen acest mandat de slujitor, ai datoria de a \u00eemp\u0103r\u0163i \u015fi de a r\u0103sp\u00e2ndi Vestea Bun\u0103 adev\u0103rului, at\u00e2t celor credincio\u015fi, c\u00e2t \u015fi necredincio\u015fi. \u00cemparte drept Cuv\u00e2ntul Adev\u0103rului&#8221;, a conchis Andrei Chicerman.<\/p>\n<p style=\"text-align: justify;\">Cu \u00eendemnuri \u015fi mesaje de \u00eencurajare au venit \u015fi ceilal\u0163i pastori veni\u0163i la eveniment. Fiecare au \u00eemp\u0103rt\u0103\u015fit g\u00e2nduri din Scriptur\u0103 \u015fi experien\u0163e utile din via\u0163a lor de slujire.<\/p>\n<p style=\"text-align: justify;\">Atmosfera de bucurie a fost completat\u0103 de programul bogat \u00een c\u00e2nt\u0103ri la care au participat familii, tineri \u015fi copii.<\/p>\n<p style=\"text-align: justify;\"><a href=\"http:\/\/baptist.org.md\/ro\/wp-content\/uploads\/DT6A7798.jpg\"><img loading=\"lazy\" decoding=\"async\" class=\"aligncenter wp-image-10431\" src=\"http:\/\/baptist.org.md\/ro\/wp-content\/uploads\/DT6A7798.jpg\" alt=\"DT6A7798\" width=\"720\" height=\"481\" srcset=\"https:\/\/baptist.org.md\/ro\/wp-content\/uploads\/DT6A7798.jpg 851w, https:\/\/baptist.org.md\/ro\/wp-content\/uploads\/DT6A7798-300x200.jpg 300w\" sizes=\"auto, (max-width: 720px) 100vw, 720px\" \/><\/a><\/p>\n<p style=\"text-align: justify;\">Bucuria dedic\u0103rii familiei Moraru \u00een slujire a fost tr\u0103it\u0103 la maxim \u015fi de membrii Bisericii locale \u015fi oaspe\u0163ii evenimentului. Bucura\u0163i-v\u0103 \u00eempreun\u0103 cu familia &#8220;Betania&#8221; din C\u0103rpineni, urm\u0103rind Galeria FOTO \u00eenserat\u0103 mai jos.<\/p>\n\n\t\t<style type=\"text\/css\">\n\t\t\t#gallery-1 {\n\t\t\t\tmargin: auto;\n\t\t\t}\n\t\t\t#gallery-1 .gallery-item {\n\t\t\t\tfloat: left;\n\t\t\t\tmargin-top: 10px;\n\t\t\t\ttext-align: center;\n\t\t\t\twidth: 25%;\n\t\t\t}\n\t\t\t#gallery-1 img {\n\t\t\t\tborder: 2px solid #cfcfcf;\n\t\t\t}\n\t\t\t#gallery-1 .gallery-caption {\n\t\t\t\tmargin-left: 0;\n\t\t\t}\n\t\t\t\/* see gallery_shortcode() in wp-includes\/media.php *\/\n\t\t<\/style>\n\t\t<div id='gallery-1' class='gallery galleryid-10424 gallery-columns-4 gallery-size-thumbnail'><dl class='gallery-item'>\n\t\t\t<dt class='gallery-icon landscape'>\n\t\t\t\t<a href='https:\/\/baptist.org.md\/ro\/?attachment_id=10446'><img loading=\"lazy\" decoding=\"async\" width=\"150\" height=\"150\" src=\"https:\/\/baptist.org.md\/ro\/wp-content\/uploads\/DT6A8054-150x150.jpg\" class=\"attachment-thumbnail size-thumbnail\" alt=\"\" srcset=\"https:\/\/baptist.org.md\/ro\/wp-content\/uploads\/DT6A8054-150x150.jpg 150w, https:\/\/baptist.org.md\/ro\/wp-content\/uploads\/DT6A8054-160x160.jpg 160w\" sizes=\"auto, (max-width: 150px) 100vw, 150px\" \/><\/a>\n\t\t\t<\/dt><\/dl><dl class='gallery-item'>\n\t\t\t<dt class='gallery-icon landscape'>\n\t\t\t\t<a href='https:\/\/baptist.org.md\/ro\/?attachment_id=10445'><img loading=\"lazy\" decoding=\"async\" width=\"150\" height=\"150\" src=\"https:\/\/baptist.org.md\/ro\/wp-content\/uploads\/DT6A8040-150x150.jpg\" class=\"attachment-thumbnail size-thumbnail\" alt=\"\" srcset=\"https:\/\/baptist.org.md\/ro\/wp-content\/uploads\/DT6A8040-150x150.jpg 150w, https:\/\/baptist.org.md\/ro\/wp-content\/uploads\/DT6A8040-160x160.jpg 160w\" sizes=\"auto, (max-width: 150px) 100vw, 150px\" \/><\/a>\n\t\t\t<\/dt><\/dl><dl class='gallery-item'>\n\t\t\t<dt class='gallery-icon landscape'>\n\t\t\t\t<a href='https:\/\/baptist.org.md\/ro\/?attachment_id=10444'><img loading=\"lazy\" decoding=\"async\" width=\"150\" height=\"150\" src=\"https:\/\/baptist.org.md\/ro\/wp-content\/uploads\/DT6A8038-150x150.jpg\" class=\"attachment-thumbnail size-thumbnail\" alt=\"\" srcset=\"https:\/\/baptist.org.md\/ro\/wp-content\/uploads\/DT6A8038-150x150.jpg 150w, https:\/\/baptist.org.md\/ro\/wp-content\/uploads\/DT6A8038-160x160.jpg 160w\" sizes=\"auto, (max-width: 150px) 100vw, 150px\" \/><\/a>\n\t\t\t<\/dt><\/dl><dl class='gallery-item'>\n\t\t\t<dt class='gallery-icon landscape'>\n\t\t\t\t<a href='https:\/\/baptist.org.md\/ro\/?attachment_id=10443'><img loading=\"lazy\" decoding=\"async\" width=\"150\" height=\"150\" src=\"https:\/\/baptist.org.md\/ro\/wp-content\/uploads\/DT6A8032-150x150.jpg\" class=\"attachment-thumbnail size-thumbnail\" alt=\"\" srcset=\"https:\/\/baptist.org.md\/ro\/wp-content\/uploads\/DT6A8032-150x150.jpg 150w, https:\/\/baptist.org.md\/ro\/wp-content\/uploads\/DT6A8032-160x160.jpg 160w\" sizes=\"auto, (max-width: 150px) 100vw, 150px\" \/><\/a>\n\t\t\t<\/dt><\/dl><br style=\"clear: both\" \/><dl class='gallery-item'>\n\t\t\t<dt class='gallery-icon landscape'>\n\t\t\t\t<a href='https:\/\/baptist.org.md\/ro\/?attachment_id=10441'><img loading=\"lazy\" decoding=\"async\" width=\"150\" height=\"150\" src=\"https:\/\/baptist.org.md\/ro\/wp-content\/uploads\/DT6A7973-150x150.jpg\" class=\"attachment-thumbnail size-thumbnail\" alt=\"\" aria-describedby=\"gallery-1-10441\" srcset=\"https:\/\/baptist.org.md\/ro\/wp-content\/uploads\/DT6A7973-150x150.jpg 150w, https:\/\/baptist.org.md\/ro\/wp-content\/uploads\/DT6A7973-160x160.jpg 160w\" sizes=\"auto, (max-width: 150px) 100vw, 150px\" \/><\/a>\n\t\t\t<\/dt>\n\t\t\t\t<dd class='wp-caption-text gallery-caption' id='gallery-1-10441'>\n\t\t\t\tFamilia Moraru \n\t\t\t\t<\/dd><\/dl><dl class='gallery-item'>\n\t\t\t<dt class='gallery-icon landscape'>\n\t\t\t\t<a href='https:\/\/baptist.org.md\/ro\/?attachment_id=10439'><img loading=\"lazy\" decoding=\"async\" width=\"150\" height=\"150\" src=\"https:\/\/baptist.org.md\/ro\/wp-content\/uploads\/DT6A7945-150x150.jpg\" class=\"attachment-thumbnail size-thumbnail\" alt=\"\" srcset=\"https:\/\/baptist.org.md\/ro\/wp-content\/uploads\/DT6A7945-150x150.jpg 150w, https:\/\/baptist.org.md\/ro\/wp-content\/uploads\/DT6A7945-160x160.jpg 160w\" sizes=\"auto, (max-width: 150px) 100vw, 150px\" \/><\/a>\n\t\t\t<\/dt><\/dl><dl class='gallery-item'>\n\t\t\t<dt class='gallery-icon landscape'>\n\t\t\t\t<a href='https:\/\/baptist.org.md\/ro\/?attachment_id=10442'><img loading=\"lazy\" decoding=\"async\" width=\"150\" height=\"150\" src=\"https:\/\/baptist.org.md\/ro\/wp-content\/uploads\/DT6A8013-150x150.jpg\" class=\"attachment-thumbnail size-thumbnail\" alt=\"\" srcset=\"https:\/\/baptist.org.md\/ro\/wp-content\/uploads\/DT6A8013-150x150.jpg 150w, https:\/\/baptist.org.md\/ro\/wp-content\/uploads\/DT6A8013-160x160.jpg 160w\" sizes=\"auto, (max-width: 150px) 100vw, 150px\" \/><\/a>\n\t\t\t<\/dt><\/dl><dl class='gallery-item'>\n\t\t\t<dt class='gallery-icon landscape'>\n\t\t\t\t<a href='https:\/\/baptist.org.md\/ro\/?attachment_id=10438'><img loading=\"lazy\" decoding=\"async\" width=\"150\" height=\"150\" src=\"https:\/\/baptist.org.md\/ro\/wp-content\/uploads\/DT6A7928-150x150.jpg\" class=\"attachment-thumbnail size-thumbnail\" alt=\"\" srcset=\"https:\/\/baptist.org.md\/ro\/wp-content\/uploads\/DT6A7928-150x150.jpg 150w, https:\/\/baptist.org.md\/ro\/wp-content\/uploads\/DT6A7928-160x160.jpg 160w\" sizes=\"auto, (max-width: 150px) 100vw, 150px\" \/><\/a>\n\t\t\t<\/dt><\/dl><br style=\"clear: both\" \/><dl class='gallery-item'>\n\t\t\t<dt class='gallery-icon landscape'>\n\t\t\t\t<a href='https:\/\/baptist.org.md\/ro\/?attachment_id=10437'><img loading=\"lazy\" decoding=\"async\" width=\"150\" height=\"150\" src=\"https:\/\/baptist.org.md\/ro\/wp-content\/uploads\/DT6A7926-150x150.jpg\" class=\"attachment-thumbnail size-thumbnail\" alt=\"\" srcset=\"https:\/\/baptist.org.md\/ro\/wp-content\/uploads\/DT6A7926-150x150.jpg 150w, https:\/\/baptist.org.md\/ro\/wp-content\/uploads\/DT6A7926-160x160.jpg 160w\" sizes=\"auto, (max-width: 150px) 100vw, 150px\" \/><\/a>\n\t\t\t<\/dt><\/dl><dl class='gallery-item'>\n\t\t\t<dt class='gallery-icon landscape'>\n\t\t\t\t<a href='https:\/\/baptist.org.md\/ro\/?attachment_id=10436'><img loading=\"lazy\" decoding=\"async\" width=\"150\" height=\"150\" src=\"https:\/\/baptist.org.md\/ro\/wp-content\/uploads\/DT6A7880-150x150.jpg\" class=\"attachment-thumbnail size-thumbnail\" alt=\"\" aria-describedby=\"gallery-1-10436\" srcset=\"https:\/\/baptist.org.md\/ro\/wp-content\/uploads\/DT6A7880-150x150.jpg 150w, https:\/\/baptist.org.md\/ro\/wp-content\/uploads\/DT6A7880-160x160.jpg 160w\" sizes=\"auto, (max-width: 150px) 100vw, 150px\" \/><\/a>\n\t\t\t<\/dt>\n\t\t\t\t<dd class='wp-caption-text gallery-caption' id='gallery-1-10436'>\n\t\t\t\tMisionarul Pavel Clipa\n\t\t\t\t<\/dd><\/dl><dl class='gallery-item'>\n\t\t\t<dt class='gallery-icon landscape'>\n\t\t\t\t<a href='https:\/\/baptist.org.md\/ro\/?attachment_id=10435'><img loading=\"lazy\" decoding=\"async\" width=\"150\" height=\"150\" src=\"https:\/\/baptist.org.md\/ro\/wp-content\/uploads\/DT6A7846-150x150.jpg\" class=\"attachment-thumbnail size-thumbnail\" alt=\"\" srcset=\"https:\/\/baptist.org.md\/ro\/wp-content\/uploads\/DT6A7846-150x150.jpg 150w, https:\/\/baptist.org.md\/ro\/wp-content\/uploads\/DT6A7846-160x160.jpg 160w\" sizes=\"auto, (max-width: 150px) 100vw, 150px\" \/><\/a>\n\t\t\t<\/dt><\/dl><dl class='gallery-item'>\n\t\t\t<dt class='gallery-icon landscape'>\n\t\t\t\t<a href='https:\/\/baptist.org.md\/ro\/?attachment_id=10434'><img loading=\"lazy\" decoding=\"async\" width=\"150\" height=\"150\" src=\"https:\/\/baptist.org.md\/ro\/wp-content\/uploads\/DT6A7810-150x150.jpg\" class=\"attachment-thumbnail size-thumbnail\" alt=\"\" aria-describedby=\"gallery-1-10434\" srcset=\"https:\/\/baptist.org.md\/ro\/wp-content\/uploads\/DT6A7810-150x150.jpg 150w, https:\/\/baptist.org.md\/ro\/wp-content\/uploads\/DT6A7810-160x160.jpg 160w\" sizes=\"auto, (max-width: 150px) 100vw, 150px\" \/><\/a>\n\t\t\t<\/dt>\n\t\t\t\t<dd class='wp-caption-text gallery-caption' id='gallery-1-10434'>\n\t\t\t\tPre\u015fedintele Comunit\u0103\u0163ii H\u00eence\u015fti, Andrei Chicerman \n\t\t\t\t<\/dd><\/dl><br style=\"clear: both\" \/><dl class='gallery-item'>\n\t\t\t<dt class='gallery-icon landscape'>\n\t\t\t\t<a href='https:\/\/baptist.org.md\/ro\/?attachment_id=10433'><img loading=\"lazy\" decoding=\"async\" width=\"150\" height=\"150\" src=\"https:\/\/baptist.org.md\/ro\/wp-content\/uploads\/DT6A7804-150x150.jpg\" class=\"attachment-thumbnail size-thumbnail\" alt=\"\" srcset=\"https:\/\/baptist.org.md\/ro\/wp-content\/uploads\/DT6A7804-150x150.jpg 150w, https:\/\/baptist.org.md\/ro\/wp-content\/uploads\/DT6A7804-160x160.jpg 160w\" sizes=\"auto, (max-width: 150px) 100vw, 150px\" \/><\/a>\n\t\t\t<\/dt><\/dl><dl class='gallery-item'>\n\t\t\t<dt class='gallery-icon landscape'>\n\t\t\t\t<a href='https:\/\/baptist.org.md\/ro\/?attachment_id=10432'><img loading=\"lazy\" decoding=\"async\" width=\"150\" height=\"150\" src=\"https:\/\/baptist.org.md\/ro\/wp-content\/uploads\/DT6A7802-150x150.jpg\" class=\"attachment-thumbnail size-thumbnail\" alt=\"\" srcset=\"https:\/\/baptist.org.md\/ro\/wp-content\/uploads\/DT6A7802-150x150.jpg 150w, https:\/\/baptist.org.md\/ro\/wp-content\/uploads\/DT6A7802-160x160.jpg 160w\" sizes=\"auto, (max-width: 150px) 100vw, 150px\" \/><\/a>\n\t\t\t<\/dt><\/dl><dl class='gallery-item'>\n\t\t\t<dt class='gallery-icon landscape'>\n\t\t\t\t<a href='https:\/\/baptist.org.md\/ro\/?attachment_id=10431'><img loading=\"lazy\" decoding=\"async\" width=\"150\" height=\"150\" src=\"https:\/\/baptist.org.md\/ro\/wp-content\/uploads\/DT6A7798-150x150.jpg\" class=\"attachment-thumbnail size-thumbnail\" alt=\"\" srcset=\"https:\/\/baptist.org.md\/ro\/wp-content\/uploads\/DT6A7798-150x150.jpg 150w, https:\/\/baptist.org.md\/ro\/wp-content\/uploads\/DT6A7798-160x160.jpg 160w\" sizes=\"auto, (max-width: 150px) 100vw, 150px\" \/><\/a>\n\t\t\t<\/dt><\/dl><dl class='gallery-item'>\n\t\t\t<dt class='gallery-icon landscape'>\n\t\t\t\t<a href='https:\/\/baptist.org.md\/ro\/?attachment_id=10430'><img loading=\"lazy\" decoding=\"async\" width=\"150\" height=\"150\" src=\"https:\/\/baptist.org.md\/ro\/wp-content\/uploads\/DT6A7792-150x150.jpg\" class=\"attachment-thumbnail size-thumbnail\" alt=\"\" srcset=\"https:\/\/baptist.org.md\/ro\/wp-content\/uploads\/DT6A7792-150x150.jpg 150w, https:\/\/baptist.org.md\/ro\/wp-content\/uploads\/DT6A7792-160x160.jpg 160w\" sizes=\"auto, (max-width: 150px) 100vw, 150px\" \/><\/a>\n\t\t\t<\/dt><\/dl><br style=\"clear: both\" \/><dl class='gallery-item'>\n\t\t\t<dt class='gallery-icon landscape'>\n\t\t\t\t<a href='https:\/\/baptist.org.md\/ro\/?attachment_id=10429'><img loading=\"lazy\" decoding=\"async\" width=\"150\" height=\"150\" src=\"https:\/\/baptist.org.md\/ro\/wp-content\/uploads\/DT6A7788-150x150.jpg\" class=\"attachment-thumbnail size-thumbnail\" alt=\"\" aria-describedby=\"gallery-1-10429\" srcset=\"https:\/\/baptist.org.md\/ro\/wp-content\/uploads\/DT6A7788-150x150.jpg 150w, https:\/\/baptist.org.md\/ro\/wp-content\/uploads\/DT6A7788-160x160.jpg 160w\" sizes=\"auto, (max-width: 150px) 100vw, 150px\" \/><\/a>\n\t\t\t<\/dt>\n\t\t\t\t<dd class='wp-caption-text gallery-caption' id='gallery-1-10429'>\n\t\t\t\tMIsionarul Victor Pascaru\n\t\t\t\t<\/dd><\/dl><dl class='gallery-item'>\n\t\t\t<dt class='gallery-icon landscape'>\n\t\t\t\t<a href='https:\/\/baptist.org.md\/ro\/?attachment_id=10428'><img loading=\"lazy\" decoding=\"async\" width=\"150\" height=\"150\" src=\"https:\/\/baptist.org.md\/ro\/wp-content\/uploads\/DT6A7760-150x150.jpg\" class=\"attachment-thumbnail size-thumbnail\" alt=\"\" srcset=\"https:\/\/baptist.org.md\/ro\/wp-content\/uploads\/DT6A7760-150x150.jpg 150w, https:\/\/baptist.org.md\/ro\/wp-content\/uploads\/DT6A7760-160x160.jpg 160w\" sizes=\"auto, (max-width: 150px) 100vw, 150px\" \/><\/a>\n\t\t\t<\/dt><\/dl><dl class='gallery-item'>\n\t\t\t<dt class='gallery-icon landscape'>\n\t\t\t\t<a href='https:\/\/baptist.org.md\/ro\/?attachment_id=10427'><img loading=\"lazy\" decoding=\"async\" width=\"150\" height=\"150\" src=\"https:\/\/baptist.org.md\/ro\/wp-content\/uploads\/DT6A7759-150x150.jpg\" class=\"attachment-thumbnail size-thumbnail\" alt=\"\" srcset=\"https:\/\/baptist.org.md\/ro\/wp-content\/uploads\/DT6A7759-150x150.jpg 150w, https:\/\/baptist.org.md\/ro\/wp-content\/uploads\/DT6A7759-160x160.jpg 160w\" sizes=\"auto, (max-width: 150px) 100vw, 150px\" \/><\/a>\n\t\t\t<\/dt><\/dl>\n\t\t\t<br style='clear: both' \/>\n\t\t<\/div>\n\n","protected":false},"excerpt":{"rendered":"<p>Biserica &#8220;Betania&#8221; din C\u0103rpineni se bucur\u0103 de un nou slujitor dedicat lucr\u0103rii de diacon. Duminic\u0103, 20 iulie, conducerea Uniunii Bisericilor Cre\u015ftine Evanghelice Baptiste din republica Moldova a oficiat serviciul de ordinare la diacon a&#46;&#46;&#46;<\/p>\n","protected":false},"author":2,"featured_media":10440,"comment_status":"open","ping_status":"open","sticky":false,"template":"","format":"standard","meta":{"footnotes":""},"categories":[138,77,23],"tags":[976,194,54,977,114],"class_list":["post-10424","post","type-post","status-publish","format-standard","has-post-thumbnail","hentry","category-galerie-foto","category-slides","category-interne","tag-biserica-betania-carpineni","tag-comunitatea-hincesti","tag-ion-miron","tag-ordinare-de-diacon","tag-uniunea-baptista"],"fimg_url":"https:\/\/baptist.org.md\/ro\/wp-content\/uploads\/DT6A7951.jpg","views":6711,"_links":{"self":[{"href":"https:\/\/baptist.org.md\/ro\/index.php?rest_route=\/wp\/v2\/posts\/10424","targetHints":{"allow":["GET"]}}],"collection":[{"href":"https:\/\/baptist.org.md\/ro\/index.php?rest_route=\/wp\/v2\/posts"}],"about":[{"href":"https:\/\/baptist.org.md\/ro\/index.php?rest_route=\/wp\/v2\/types\/post"}],"author":[{"embeddable":true,"href":"https:\/\/baptist.org.md\/ro\/index.php?rest_route=\/wp\/v2\/users\/2"}],"replies":[{"embeddable":true,"href":"https:\/\/baptist.org.md\/ro\/index.php?rest_route=%2Fwp%2Fv2%2Fcomments&post=10424"}],"version-history":[{"count":8,"href":"https:\/\/baptist.org.md\/ro\/index.php?rest_route=\/wp\/v2\/posts\/10424\/revisions"}],"predecessor-version":[{"id":10633,"href":"https:\/\/baptist.org.md\/ro\/index.php?rest_route=\/wp\/v2\/posts\/10424\/revisions\/10633"}],"wp:featuredmedia":[{"embeddable":true,"href":"https:\/\/baptist.org.md\/ro\/index.php?rest_route=\/wp\/v2\/media\/10440"}],"wp:attachment":[{"href":"https:\/\/baptist.org.md\/ro\/index.php?rest_route=%2Fwp%2Fv2%2Fmedia&parent=10424"}],"wp:term":[{"taxonomy":"category","embeddable":true,"href":"https:\/\/baptist.org.md\/ro\/index.php?rest_route=%2Fwp%2Fv2%2Fcategories&post=10424"},{"taxonomy":"post_tag","embeddable":true,"href":"https:\/\/baptist.org.md\/ro\/index.php?rest_route=%2Fwp%2Fv2%2Ftags&post=10424"}],"curies":[{"name":"wp","href":"https:\/\/api.w.org\/{rel}","templated":true}]}}