{"id":10410,"date":"2015-06-25T14:36:51","date_gmt":"2015-06-25T11:36:51","guid":{"rendered":"http:\/\/baptist.org.md\/ro\/?p=10410"},"modified":"2015-06-26T15:39:09","modified_gmt":"2015-06-26T12:39:09","slug":"provocarea-ebf-pentru-liderii-baptisti-din-rusia-si-ucraina","status":"publish","type":"post","link":"https:\/\/baptist.org.md\/ro\/?p=10410","title":{"rendered":"Provocarea EBF pentru liderii bapti\u015fti din Rusia \u015fi Ucraina"},"content":{"rendered":"<p style=\"text-align: justify;\"><a href=\"http:\/\/baptist.org.md\/ro\/wp-content\/uploads\/bunaciu-tony-peck.jpg\"><img loading=\"lazy\" decoding=\"async\" class=\"aligncenter size-full wp-image-10476\" src=\"http:\/\/baptist.org.md\/ro\/wp-content\/uploads\/bunaciu-tony-peck.jpg\" alt=\"bunaciu tony peck\" width=\"720\" height=\"294\" srcset=\"https:\/\/baptist.org.md\/ro\/wp-content\/uploads\/bunaciu-tony-peck.jpg 720w, https:\/\/baptist.org.md\/ro\/wp-content\/uploads\/bunaciu-tony-peck-300x122.jpg 300w\" sizes=\"auto, (max-width: 720px) 100vw, 720px\" \/><\/a><\/p>\n<p style=\"text-align: justify;\">Federa\u021bia European\u0103 Baptist\u0103 (EBF) a provocat liderii ru\u0219i \u0219i ucraineni s\u0103 emit\u0103 o Declara\u021bie Comun\u0103 f\u0103c\u00e2nd apel pentru pace \u00een contextul p\u0103rerilor diferite cu privire la conflictul din estul Ucrainei, anun\u0163\u0103 site-ul oficial <a href=\"http:\/\/www.ebf.org\/the-london-consultation-standing-in-solidarity-with-ukraine\" target=\"_blank\"><strong>EBF.org<\/strong><\/a><\/p>\n<p style=\"text-align: justify;\">Recursul vine din partea Secretarului General al EBF Jony Peck \u0219i Pre\u0219edintele EBF Otniel Bunaciu. De\u0219i bapti\u0219tii din ambele \u021b\u0103ri s-au \u00eent\u00e2lnit pentru a discuta despre crearea unor modalit\u0103\u021bi de a r\u0103spunde la conflict, ei \u0219i-au exprimat diferite opinii cu privire la aceasta.<\/p>\n<p style=\"text-align: justify;\">Ei au remarcat c\u0103 bapti\u0219tii cred \u00eentr-o biseric\u0103 care are libertatea de a c\u0103uta g\u00e2ndirea lui Hristos, f\u0103r\u0103 interferen\u021be sau presiuni de stat, \u0219i a salutat ocaziile c\u00e2nd bapti\u0219tii ru\u0219i \u0219i ucraineni au \u00eencercat s\u0103 fac\u0103 acest lucru.<\/p>\n<p style=\"text-align: justify;\">De asemenea, ei au subliniat modul \u00een care bapti\u0219tii ru\u0219i sunt \u201ede \u00een\u021beles \u00een cauz\u0103\u201d \u00een privin\u021ba declara\u021biilor din partea guvernului SUA, care par a sugera un sprijin pentru o escaladare a militariz\u0103rii conflictului.<\/p>\n<p style=\"text-align: justify;\">&#8220;A existat speran\u021ba c\u0103 bapti\u0219tii ru\u0219i ar fi un martor profetic \u00een situa\u021bia creat\u0103, \u00een special ceea ce prive\u0219te \u00eenceperea r\u0103zboiului \u0219i, de asemenea, \u00een leg\u0103tura cu drama uman\u0103 care acum are loc \u00een Estul Ucrainei. Este foarte posibil c\u0103 noi, cei din Occident, nu apreciem pe deplin perspectiva Rusiei privind evenimentele din Crimeea \u0219i din Estul Ucrainei, noi trebuie s\u0103 ascult\u0103m mai atent \u0219i s\u0103 afl\u0103m mai mult. Cu toate acestea, ca fra\u021bi \u0219i surori bapti\u0219ti noi, de asemenea, auzim preocup\u0103rile \u0219i strig\u0103tele care vin din familia noastr\u0103 din care fac parte bapti\u0219tii ucraineni care sufer\u0103 at\u00e2t de mult \u00eempreun\u0103 cu \u00eentreaga lor \u021bar\u0103 \u0219i care \u00ee\u0219i v\u0103d \u021bara separat\u0103 \u0219i apoi devastat\u0103 de r\u0103zboiul pe care ei nu \u0219i l-au dorit \u0219i pe care ei nu l-au \u00eenceput. De asemenea, ne doare s\u0103 vedem c\u0103 acest r\u0103zboi este at\u00e2t de u\u0219or \u0219i necritic sus\u021binut de evanghelicii din Rusia. Ceea ce arat\u0103 ca suport necritic pentru o parte al acestui conflict ce trebuie s\u0103 fie abordat. Un \u201dacord negociat\u201d va fi credibil numai dac\u0103 se adreseaz\u0103 \u201dgre\u0219elilor \u0219i neajunsurilor a tuturor p\u0103r\u021bilor implicate \u00een acest conflict. Ar fi o m\u0103rturie cu mult mai puternic\u0103 la ceea ce este posibil s\u0103 \u00cel recunoa\u0219tem pe Hristos ca Domn dac\u0103 liderii bapti\u0219tilor ru\u0219i \u0219i ucraineni ar putea emite o Declara\u021bie Comun\u0103 ce solicit\u0103 pace, recunosc\u00e2nd diferen\u021bele lor, dar care dincolo de dorin\u021bele lor vor c\u0103uta s\u0103 vad\u0103 o modalitate de a \u00eencuraja cele dou\u0103 na\u021biuni s\u0103 g\u0103seasc\u0103 o cale de a tr\u0103i \u00een pace unii cu al\u021bii. Este oare prea mult s\u0103 credem c\u0103 aceasta ar putea fi \u00eenc\u0103 posibil?\u201d, se noteaz\u0103 \u00een apelul EBF.<\/p>\n<p style=\"text-align: justify;\">Potrivit Organiza\u021biei Na\u021biunilor Unite, lupta \u00eentre for\u021bele ucrainene \u0219i rebelii pro-ru\u0219i a luat mai mult de 5,000 de vie\u021bi din aprilie \u00eencoace.<\/p>\n<p style=\"text-align: justify;\">Traducere de Lilia Halitov<\/p>\n","protected":false},"excerpt":{"rendered":"<p>Federa\u021bia European\u0103 Baptist\u0103 (EBF) a provocat liderii ru\u0219i \u0219i ucraineni s\u0103 emit\u0103 o Declara\u021bie Comun\u0103 f\u0103c\u00e2nd apel pentru pace \u00een contextul p\u0103rerilor diferite cu privire la conflictul din estul Ucrainei, anun\u0163\u0103 site-ul oficial EBF.org&#46;&#46;&#46;<\/p>\n","protected":false},"author":2,"featured_media":10476,"comment_status":"open","ping_status":"open","sticky":false,"template":"","format":"standard","meta":{"footnotes":""},"categories":[2,22],"tags":[974,132,975],"class_list":["post-10410","post","type-post","status-publish","format-standard","has-post-thumbnail","hentry","category-spiritualitate","category-externe","tag-ebf","tag-otniel-bunaciu","tag-tony-peck"],"fimg_url":"https:\/\/baptist.org.md\/ro\/wp-content\/uploads\/bunaciu-tony-peck.jpg","views":2283,"_links":{"self":[{"href":"https:\/\/baptist.org.md\/ro\/index.php?rest_route=\/wp\/v2\/posts\/10410","targetHints":{"allow":["GET"]}}],"collection":[{"href":"https:\/\/baptist.org.md\/ro\/index.php?rest_route=\/wp\/v2\/posts"}],"about":[{"href":"https:\/\/baptist.org.md\/ro\/index.php?rest_route=\/wp\/v2\/types\/post"}],"author":[{"embeddable":true,"href":"https:\/\/baptist.org.md\/ro\/index.php?rest_route=\/wp\/v2\/users\/2"}],"replies":[{"embeddable":true,"href":"https:\/\/baptist.org.md\/ro\/index.php?rest_route=%2Fwp%2Fv2%2Fcomments&post=10410"}],"version-history":[{"count":6,"href":"https:\/\/baptist.org.md\/ro\/index.php?rest_route=\/wp\/v2\/posts\/10410\/revisions"}],"predecessor-version":[{"id":10478,"href":"https:\/\/baptist.org.md\/ro\/index.php?rest_route=\/wp\/v2\/posts\/10410\/revisions\/10478"}],"wp:featuredmedia":[{"embeddable":true,"href":"https:\/\/baptist.org.md\/ro\/index.php?rest_route=\/wp\/v2\/media\/10476"}],"wp:attachment":[{"href":"https:\/\/baptist.org.md\/ro\/index.php?rest_route=%2Fwp%2Fv2%2Fmedia&parent=10410"}],"wp:term":[{"taxonomy":"category","embeddable":true,"href":"https:\/\/baptist.org.md\/ro\/index.php?rest_route=%2Fwp%2Fv2%2Fcategories&post=10410"},{"taxonomy":"post_tag","embeddable":true,"href":"https:\/\/baptist.org.md\/ro\/index.php?rest_route=%2Fwp%2Fv2%2Ftags&post=10410"}],"curies":[{"name":"wp","href":"https:\/\/api.w.org\/{rel}","templated":true}]}}