{"id":10338,"date":"2015-06-26T07:00:04","date_gmt":"2015-06-26T04:00:04","guid":{"rendered":"http:\/\/baptist.org.md\/ro\/?p=10338"},"modified":"2015-06-22T15:04:32","modified_gmt":"2015-06-22T12:04:32","slug":"devotionalul-zilei-energie-sub-control","status":"publish","type":"post","link":"https:\/\/baptist.org.md\/ro\/?p=10338","title":{"rendered":"Devo\u0163ionalul zilei: &#8220;Energie sub control&#8221;"},"content":{"rendered":"<p style=\"text-align: right;\"><em><strong>&#8220;Voi \u00eens\u0103 nu mai sunte\u0163i p\u0103m\u00e2nte\u015fti, ci duhovnice\u015fti, dac\u0103 Duhul Lui Dumnezeu locuie\u015fte \u00een adev\u0103r \u00een voi.&#8221;<\/strong><\/em><br \/>\n<em><strong>Romani 8:9<\/strong><\/em><\/p>\n<p style=\"text-align: justify;\"><a href=\"http:\/\/baptist.org.md\/ro\/wp-content\/uploads\/6-26-Energy-Under-Control1-1024x682-e1434974643842.jpg\"><img loading=\"lazy\" decoding=\"async\" class=\"aligncenter size-full wp-image-10340\" src=\"http:\/\/baptist.org.md\/ro\/wp-content\/uploads\/6-26-Energy-Under-Control1-1024x682-e1434974643842.jpg\" alt=\"6-26-Energy-Under-Control1-1024x682\" width=\"720\" height=\"480\" \/><\/a><\/p>\n<p style=\"text-align: justify;\">Un cal \u00eenh\u0103mat contribuie mai mult la via\u0163\u0103 dec\u00e2t un m\u0103gar s\u0103lbatic. Energia necontrolat\u0103 este periculoas\u0103; energia sub control este puternic\u0103. Dumnezeu nu ne disciplineaz\u0103 ca s\u0103 ne subjuge, ci s\u0103 ne preg\u0103teasc\u0103 pentru o via\u0163\u0103 de valoare \u015fi binecuv\u00e2ntare. \u00cen \u00een\u0163elepciunea Sa El \u015ftie c\u0103 o via\u0163\u0103 lipsit\u0103 de control este o via\u0163\u0103 fericit\u0103, a\u015fa c\u0103 El pune fr\u00e2u sufletelor noastre aflate \u00een deriv\u0103, ca acestea s\u0103 poat\u0103 fi direc\u0163ionate spre \u2019\u2019c\u0103r\u0103rile neprih\u0103nirii\u2019\u2019. Asta e ce caut\u0103 Dumnezeu s\u0103 fac\u0103 cu noi; s\u0103 ne \u00eembl\u00e2nzeasc\u0103, s\u0103 ne aduc\u0103 sub control, s\u0103 redirec\u0163ioneze energia noastr\u0103. El face pe t\u0103r\u00e2mul spiritual ceea ce \u015ftiin\u0163a face pe t\u0103r\u00e2m material. \u015etiin\u0163a ia r\u00e2ul Niagara cu turbulen\u0163ele sale violente \u015fi le transform\u0103 \u00een energie electric\u0103 s\u0103 ilumineze milioane de case \u015fi s\u0103 \u00eenv\u00e2rte ro\u0163ile productive ale industriei.<\/p>\n<p style=\"text-align: justify;\"><strong>Rug\u0103ciunea zilei:<\/strong><\/p>\n<p style=\"text-align: justify;\">Direc\u0163ioneaz\u0103-mi toat\u0103 energia mea, Tat\u0103, ca s\u0103 pot s\u0103 fiu o binecuv\u00e2ntare pentru al\u0163ii.<\/p>\n<p style=\"text-align: justify;\"><strong>Sursa: <a href=\"http:\/\/billygraham.org\/devotions\/\" target=\"_blank\">Billy Graham.org<\/a><\/strong><\/p>\n","protected":false},"excerpt":{"rendered":"<p>&#8220;Voi \u00eens\u0103 nu mai sunte\u0163i p\u0103m\u00e2nte\u015fti, ci duhovnice\u015fti, dac\u0103 Duhul Lui Dumnezeu locuie\u015fte \u00een adev\u0103r \u00een voi.&#8221; Romani 8:9 Un cal \u00eenh\u0103mat contribuie mai mult la via\u0163\u0103 dec\u00e2t un m\u0103gar s\u0103lbatic. Energia necontrolat\u0103 este&#46;&#46;&#46;<\/p>\n","protected":false},"author":2,"featured_media":10340,"comment_status":"open","ping_status":"open","sticky":false,"template":"","format":"standard","meta":{"footnotes":""},"categories":[2,26],"tags":[213,270,955,272],"class_list":["post-10338","post","type-post","status-publish","format-standard","has-post-thumbnail","hentry","category-spiritualitate","category-tineret-resurse","tag-billy-graham","tag-devotionalul-zilei","tag-energie-sub-control","tag-rugaciunea-de-dimineata"],"fimg_url":"https:\/\/baptist.org.md\/ro\/wp-content\/uploads\/6-26-Energy-Under-Control1-1024x682-e1434974643842.jpg","views":1905,"_links":{"self":[{"href":"https:\/\/baptist.org.md\/ro\/index.php?rest_route=\/wp\/v2\/posts\/10338","targetHints":{"allow":["GET"]}}],"collection":[{"href":"https:\/\/baptist.org.md\/ro\/index.php?rest_route=\/wp\/v2\/posts"}],"about":[{"href":"https:\/\/baptist.org.md\/ro\/index.php?rest_route=\/wp\/v2\/types\/post"}],"author":[{"embeddable":true,"href":"https:\/\/baptist.org.md\/ro\/index.php?rest_route=\/wp\/v2\/users\/2"}],"replies":[{"embeddable":true,"href":"https:\/\/baptist.org.md\/ro\/index.php?rest_route=%2Fwp%2Fv2%2Fcomments&post=10338"}],"version-history":[{"count":2,"href":"https:\/\/baptist.org.md\/ro\/index.php?rest_route=\/wp\/v2\/posts\/10338\/revisions"}],"predecessor-version":[{"id":10341,"href":"https:\/\/baptist.org.md\/ro\/index.php?rest_route=\/wp\/v2\/posts\/10338\/revisions\/10341"}],"wp:featuredmedia":[{"embeddable":true,"href":"https:\/\/baptist.org.md\/ro\/index.php?rest_route=\/wp\/v2\/media\/10340"}],"wp:attachment":[{"href":"https:\/\/baptist.org.md\/ro\/index.php?rest_route=%2Fwp%2Fv2%2Fmedia&parent=10338"}],"wp:term":[{"taxonomy":"category","embeddable":true,"href":"https:\/\/baptist.org.md\/ro\/index.php?rest_route=%2Fwp%2Fv2%2Fcategories&post=10338"},{"taxonomy":"post_tag","embeddable":true,"href":"https:\/\/baptist.org.md\/ro\/index.php?rest_route=%2Fwp%2Fv2%2Ftags&post=10338"}],"curies":[{"name":"wp","href":"https:\/\/api.w.org\/{rel}","templated":true}]}}