{"id":10210,"date":"2015-06-08T14:58:42","date_gmt":"2015-06-08T11:58:42","guid":{"rendered":"http:\/\/baptist.org.md\/ro\/?p=10210"},"modified":"2015-06-11T16:56:39","modified_gmt":"2015-06-11T13:56:39","slug":"tripla-sarbatoare-la-biserica-sfanta-treime-din-chisinau-video","status":"publish","type":"post","link":"https:\/\/baptist.org.md\/ro\/?p=10210","title":{"rendered":"TRIPL\u0102 s\u0103rb\u0103toare la Biserica \u201eSf\u00e2nta Treime\u201d din Chi\u015fin\u0103u (VIDEO)"},"content":{"rendered":"<p style=\"text-align: justify;\"><a href=\"http:\/\/baptist.org.md\/ro\/wp-content\/uploads\/DSC08440.jpg\"><img loading=\"lazy\" decoding=\"async\" class=\"alignright size-full wp-image-10218\" src=\"http:\/\/baptist.org.md\/ro\/wp-content\/uploads\/DSC08440.jpg\" alt=\"DSC08440\" width=\"720\" height=\"480\" srcset=\"https:\/\/baptist.org.md\/ro\/wp-content\/uploads\/DSC08440.jpg 720w, https:\/\/baptist.org.md\/ro\/wp-content\/uploads\/DSC08440-300x200.jpg 300w\" sizes=\"auto, (max-width: 720px) 100vw, 720px\" \/><\/a><\/p>\n<p style=\"text-align: justify;\">Binecuv\u00e2ntate \u015fi bucurie mare a tr\u0103it duminic\u0103, 7 iunie, Biserica \u201eSf\u00e2nta Treime\u201d din Chi\u015fin\u0103u. La cea de-a 19-a aniversare de la primul botez oficiat \u00een cadrul Bisericii locale, familia \u201eSf\u00e2nta Treime\u201d a s\u0103rb\u0103torit tot prin botez. Al treilea motiv de bucurie a fost p\u0103rt\u0103\u015fia la masa Domnului.<\/p>\n<p style=\"text-align: justify;\"><img loading=\"lazy\" decoding=\"async\" class=\"alignright size-full wp-image-10221\" src=\"http:\/\/baptist.org.md\/ro\/wp-content\/uploads\/DSC08541.jpg\" alt=\"DSC08541\" width=\"720\" height=\"480\" srcset=\"https:\/\/baptist.org.md\/ro\/wp-content\/uploads\/DSC08541.jpg 720w, https:\/\/baptist.org.md\/ro\/wp-content\/uploads\/DSC08541-300x200.jpg 300w\" sizes=\"auto, (max-width: 720px) 100vw, 720px\" \/><\/p>\n<p style=\"text-align: justify;\">Familia &#8220;Sf\u00e2nta Treime&#8221; a mul\u0163umit pentru toate binecuv\u00e2nt\u0103rile rev\u0103rsate de Dumnezeu \u00een ace\u015fti 19 ani \u015fi au povestit din amintirile primilor pa\u015fi f\u0103cu\u0163i prin credin\u0163\u0103. Primul botez al Bisericii a avut loc \u00een lacul din Parcul Valea Trandifirilor \u00eempreun\u0103 cu Biserica &#8220;Speran\u0163a&#8221; din Chi\u015fin\u0103u. Pe atunci Biserica local\u0103 nu avea o cl\u0103dire. Ast\u0103zi, dup\u0103 19 ani, privind \u00een urm\u0103 la binecuv\u00e2nt\u0103rile rev\u0103rsate peste ei ca \u015fi familie, la cl\u0103direa frumoas\u0103 \u015fi oportunit\u0103\u0163ile pe care le au ca \u015fi Biseric\u0103 Baptist\u0103 \u00een sectorul Botanica, nu r\u0103m\u00e2ne dec\u00e2t s\u0103 persever\u0103m \u00een \u00eemp\u0103rt\u0103\u015firea bucuriei m\u00e2ntuirii \u015fi Vestirii Evangheliei ca num\u0103rul celor r\u0103scump\u0103ra\u0163i s\u0103 creasc\u0103 de la an, la an.<\/p>\n<p style=\"text-align: justify;\"><a href=\"http:\/\/baptist.org.md\/ro\/wp-content\/uploads\/DSC08569.jpg\"><img loading=\"lazy\" decoding=\"async\" class=\"alignright size-full wp-image-10222\" src=\"http:\/\/baptist.org.md\/ro\/wp-content\/uploads\/DSC08569.jpg\" alt=\"DSC08569\" width=\"720\" height=\"480\" srcset=\"https:\/\/baptist.org.md\/ro\/wp-content\/uploads\/DSC08569.jpg 720w, https:\/\/baptist.org.md\/ro\/wp-content\/uploads\/DSC08569-300x200.jpg 300w\" sizes=\"auto, (max-width: 720px) 100vw, 720px\" \/><\/a><\/p>\n<p style=\"text-align: justify;\">La bucuria Bisericii s-au al\u0103turat oaspe\u0163i din mai multe biserici din Chi\u015fin\u0103u, printre care: fanfara Bisericii \u201eIzvorul Vie\u0163ii\u201d, misionarul Marius Simiona\u015f \u015fi episcopul Uniunii Bisericilor Cre\u015ftine Evanghelice Baptiste din Moldova, Ion Miron. \u00cen mesajul s\u0103u pentru noii converti\u0163i, episcopul Ion Miron a \u00eendemnat tinerii s\u0103 fie perseveren\u0163i \u00een cunoa\u015fterea Scripturilor \u015fi voii lui Dumnezeu \u00een via\u0163a lor. S\u0103 \u00ee\u015fi p\u0103zeasc\u0103 tinere\u0163ea curat\u0103, s\u0103 se protejeze de influen\u0163a internetului \u015fi a prietenilor.<\/p>\n<p style=\"text-align: justify;\"><a href=\"http:\/\/baptist.org.md\/ro\/wp-content\/uploads\/fanfara-izvorul-vietii1.jpg\"><img loading=\"lazy\" decoding=\"async\" class=\"alignright size-full wp-image-10225\" src=\"http:\/\/baptist.org.md\/ro\/wp-content\/uploads\/fanfara-izvorul-vietii1.jpg\" alt=\"fanfara izvorul vietii\" width=\"720\" height=\"305\" srcset=\"https:\/\/baptist.org.md\/ro\/wp-content\/uploads\/fanfara-izvorul-vietii1.jpg 720w, https:\/\/baptist.org.md\/ro\/wp-content\/uploads\/fanfara-izvorul-vietii1-300x127.jpg 300w\" sizes=\"auto, (max-width: 720px) 100vw, 720px\" \/><\/a><\/p>\n<p style=\"text-align: justify;\">Noii membri \u00een familia Bisericii au ales s\u0103 mearg\u0103 pe calea Domnului din fraged\u0103 tinere\u0163e. M\u0103rturiile lor au adus \u00eencurajare \u015fi bucurie pentru membrii de toate v\u00e2rstele. Ace\u015ftia au m\u0103rturisit c\u0103 au cunoscut pe Domnul \u015fi sunt gata s\u0103 \u00cel urmeze \u015fi s\u0103 \u00cel m\u0103rturiseasc\u0103 prin tr\u0103irea lor p\u00e2n\u0103 vor ajunge \u00een ve\u015fnicii.<\/p>\n<p style=\"text-align: justify;\"><a href=\"http:\/\/baptist.org.md\/ro\/wp-content\/uploads\/DSC08586.jpg\"><img loading=\"lazy\" decoding=\"async\" class=\"alignright size-full wp-image-10223\" src=\"http:\/\/baptist.org.md\/ro\/wp-content\/uploads\/DSC08586.jpg\" alt=\"DSC08586\" width=\"720\" height=\"480\" srcset=\"https:\/\/baptist.org.md\/ro\/wp-content\/uploads\/DSC08586.jpg 720w, https:\/\/baptist.org.md\/ro\/wp-content\/uploads\/DSC08586-300x200.jpg 300w\" sizes=\"auto, (max-width: 720px) 100vw, 720px\" \/><\/a><\/p>\n<p style=\"text-align: justify;\">S\u0103rb\u0103toare a culminat cu p\u0103rt\u0103\u015fia tuturor la Masa Domnului, unde prin fr\u00e2ngerea p\u00e2inii am m\u0103rturisit c\u0103 Domnul Isus s-a n\u0103scut, a murit \u015fi a \u00eenviat ca s\u0103 ne elibereze din robia p\u0103catului \u015fi s\u0103 ne asigure un loc \u00een ve\u015fnicie.<\/p>\n<p style=\"text-align: justify;\"><a href=\"http:\/\/baptist.org.md\/ro\/wp-content\/uploads\/DSC08591.jpg\"><img loading=\"lazy\" decoding=\"async\" class=\"alignright size-full wp-image-10224\" src=\"http:\/\/baptist.org.md\/ro\/wp-content\/uploads\/DSC08591.jpg\" alt=\"DSC08591\" width=\"720\" height=\"480\" srcset=\"https:\/\/baptist.org.md\/ro\/wp-content\/uploads\/DSC08591.jpg 720w, https:\/\/baptist.org.md\/ro\/wp-content\/uploads\/DSC08591-300x200.jpg 300w\" sizes=\"auto, (max-width: 720px) 100vw, 720px\" \/><\/a><\/p>\n<p style=\"text-align: justify;\">V\u0103 \u00eendemn\u0103m s\u0103 participa\u0163i la bucuria Bisericii \u201eSf\u00e2nta Treime\u201d urm\u0103rind m\u0103rturiile video \u00eenregistrate duminic\u0103.<\/p>\n<p><iframe loading=\"lazy\" width=\"640\" height=\"360\" src=\"https:\/\/www.youtube.com\/embed\/videoseries?list=PLFQtqZzvQgDl6BAdLYFJEmkxRgiMKmgay\" frameborder=\"0\" allowfullscreen><\/iframe><\/p>\n","protected":false},"excerpt":{"rendered":"<p>Binecuv\u00e2ntate \u015fi bucurie mare a tr\u0103it duminic\u0103, 7 iunie, Biserica \u201eSf\u00e2nta Treime\u201d din Chi\u015fin\u0103u. La cea de-a 19-a aniversare de la primul botez oficiat \u00een cadrul Bisericii locale, familia \u201eSf\u00e2nta Treime\u201d a s\u0103rb\u0103torit tot&#46;&#46;&#46;<\/p>\n","protected":false},"author":2,"featured_media":10218,"comment_status":"open","ping_status":"open","sticky":false,"template":"","format":"standard","meta":{"footnotes":""},"categories":[77,23,28],"tags":[160,149,54,923],"class_list":["post-10210","post","type-post","status-publish","format-standard","has-post-thumbnail","hentry","category-slides","category-interne","category-video","tag-botez-nou-testamental","tag-episcopul-ubceb","tag-ion-miron","tag-sfanta-treime"],"fimg_url":"https:\/\/baptist.org.md\/ro\/wp-content\/uploads\/DSC08440.jpg","views":8586,"_links":{"self":[{"href":"https:\/\/baptist.org.md\/ro\/index.php?rest_route=\/wp\/v2\/posts\/10210","targetHints":{"allow":["GET"]}}],"collection":[{"href":"https:\/\/baptist.org.md\/ro\/index.php?rest_route=\/wp\/v2\/posts"}],"about":[{"href":"https:\/\/baptist.org.md\/ro\/index.php?rest_route=\/wp\/v2\/types\/post"}],"author":[{"embeddable":true,"href":"https:\/\/baptist.org.md\/ro\/index.php?rest_route=\/wp\/v2\/users\/2"}],"replies":[{"embeddable":true,"href":"https:\/\/baptist.org.md\/ro\/index.php?rest_route=%2Fwp%2Fv2%2Fcomments&post=10210"}],"version-history":[{"count":6,"href":"https:\/\/baptist.org.md\/ro\/index.php?rest_route=\/wp\/v2\/posts\/10210\/revisions"}],"predecessor-version":[{"id":10230,"href":"https:\/\/baptist.org.md\/ro\/index.php?rest_route=\/wp\/v2\/posts\/10210\/revisions\/10230"}],"wp:featuredmedia":[{"embeddable":true,"href":"https:\/\/baptist.org.md\/ro\/index.php?rest_route=\/wp\/v2\/media\/10218"}],"wp:attachment":[{"href":"https:\/\/baptist.org.md\/ro\/index.php?rest_route=%2Fwp%2Fv2%2Fmedia&parent=10210"}],"wp:term":[{"taxonomy":"category","embeddable":true,"href":"https:\/\/baptist.org.md\/ro\/index.php?rest_route=%2Fwp%2Fv2%2Fcategories&post=10210"},{"taxonomy":"post_tag","embeddable":true,"href":"https:\/\/baptist.org.md\/ro\/index.php?rest_route=%2Fwp%2Fv2%2Ftags&post=10210"}],"curies":[{"name":"wp","href":"https:\/\/api.w.org\/{rel}","templated":true}]}}