{"id":10020,"date":"2015-05-29T07:00:27","date_gmt":"2015-05-29T04:00:27","guid":{"rendered":"http:\/\/baptist.org.md\/ro\/?p=10020"},"modified":"2015-05-27T16:13:26","modified_gmt":"2015-05-27T13:13:26","slug":"devotionalul-zilei-continua-sa-mergi-inainte","status":"publish","type":"post","link":"https:\/\/baptist.org.md\/ro\/?p=10020","title":{"rendered":"Devo\u0163ionalul zilei: &#8220;Continu\u0103 s\u0103 mergi \u00eenainte&#8221;"},"content":{"rendered":"<p style=\"text-align: right;\"><em><strong>&#8220;C\u0103ci \u00een El avem via\u0163a, mi\u015fcarea \u015fi fiin\u0163a.&#8221;<\/strong><\/em><br \/>\n<em><strong>Faptele Apostolilor 17:28<\/strong><\/em><\/p>\n<p style=\"text-align: justify;\"><a href=\"http:\/\/baptist.org.md\/ro\/wp-content\/uploads\/5-29-Keep-Moving-Forward.jpg\"><img loading=\"lazy\" decoding=\"async\" class=\"aligncenter wp-image-10022\" src=\"http:\/\/baptist.org.md\/ro\/wp-content\/uploads\/5-29-Keep-Moving-Forward.jpg\" alt=\"5-29-Keep-Moving-Forward\" width=\"720\" height=\"479\" srcset=\"https:\/\/baptist.org.md\/ro\/wp-content\/uploads\/5-29-Keep-Moving-Forward.jpg 849w, https:\/\/baptist.org.md\/ro\/wp-content\/uploads\/5-29-Keep-Moving-Forward-300x199.jpg 300w\" sizes=\"auto, (max-width: 720px) 100vw, 720px\" \/><\/a><\/p>\n<p style=\"text-align: justify;\">C\u00e2nd aveam \u015fapte ani, tat\u0103l meu mi-a cump\u0103rat prima mea biciclet\u0103. Niciodat\u0103 nu mai condusesem una. Cu r\u0103bdare, familia \u015fi prietenii au \u00eencercat s\u0103 m\u0103 \u00eenve\u0163e arta ciclismului. Rapid am descoperit c\u0103 dac\u0103 vroiam s\u0103 r\u0103m\u00e2n pe biciclet\u0103 aveam de f\u0103cut un singur lucru: s\u0103 continui s\u0103 merg \u00eenainte. Dac\u0103 a\u015f fi \u00eencetat, a\u015f fi c\u0103zut \u015fi m-a\u015f fi r\u0103nit. La fel este \u015fi \u00een via\u0163a cre\u015ftin\u0103. Niciodat\u0103 nu vom putea tr\u0103i via\u0163a aceasta pe culmile cele mai \u00eenalte dec\u00e2t dac\u0103 continu\u0103m constant s\u0103 cre\u015ftem \u015fi s\u0103 ne mi\u015fc\u0103m \u00eenainte. Ar trebui s\u0103 fii mai aproape de Dumnezeu ast\u0103zi \u00een inima, sufletul \u015fi trupul t\u0103u dec\u00e2t \u00een orice alt timp din via\u0163a ta de p\u00e2n\u0103 acum.<\/p>\n<p style=\"text-align: justify;\"><strong>Rug\u0103ciunea zilei:<\/strong><\/p>\n<p style=\"text-align: justify;\">Doamne, am f\u0103cut progrese mult prea mici \u00een c\u0103l\u0103toria mea cu Tine. Fie ca s\u0103 fiu atras mai aproape de lumina dragostei \u015fi harului T\u0103u.<\/p>\n<p style=\"text-align: justify;\"><strong>Sursa: <a href=\"http:\/\/billygraham.org\/devotions\/\" target=\"_blank\">Billy Graham.org<\/a><\/strong><\/p>\n","protected":false},"excerpt":{"rendered":"<p>&#8220;C\u0103ci \u00een El avem via\u0163a, mi\u015fcarea \u015fi fiin\u0163a.&#8221; Faptele Apostolilor 17:28 C\u00e2nd aveam \u015fapte ani, tat\u0103l meu mi-a cump\u0103rat prima mea biciclet\u0103. Niciodat\u0103 nu mai condusesem una. Cu r\u0103bdare, familia \u015fi prietenii au \u00eencercat&#46;&#46;&#46;<\/p>\n","protected":false},"author":2,"featured_media":10022,"comment_status":"open","ping_status":"open","sticky":false,"template":"","format":"standard","meta":{"footnotes":""},"categories":[2,26],"tags":[213,880,270,272],"class_list":["post-10020","post","type-post","status-publish","format-standard","has-post-thumbnail","hentry","category-spiritualitate","category-tineret-resurse","tag-billy-graham","tag-continua-sa-mergi-inainte","tag-devotionalul-zilei","tag-rugaciunea-de-dimineata"],"fimg_url":"https:\/\/baptist.org.md\/ro\/wp-content\/uploads\/5-29-Keep-Moving-Forward.jpg","views":1555,"_links":{"self":[{"href":"https:\/\/baptist.org.md\/ro\/index.php?rest_route=\/wp\/v2\/posts\/10020","targetHints":{"allow":["GET"]}}],"collection":[{"href":"https:\/\/baptist.org.md\/ro\/index.php?rest_route=\/wp\/v2\/posts"}],"about":[{"href":"https:\/\/baptist.org.md\/ro\/index.php?rest_route=\/wp\/v2\/types\/post"}],"author":[{"embeddable":true,"href":"https:\/\/baptist.org.md\/ro\/index.php?rest_route=\/wp\/v2\/users\/2"}],"replies":[{"embeddable":true,"href":"https:\/\/baptist.org.md\/ro\/index.php?rest_route=%2Fwp%2Fv2%2Fcomments&post=10020"}],"version-history":[{"count":2,"href":"https:\/\/baptist.org.md\/ro\/index.php?rest_route=\/wp\/v2\/posts\/10020\/revisions"}],"predecessor-version":[{"id":10023,"href":"https:\/\/baptist.org.md\/ro\/index.php?rest_route=\/wp\/v2\/posts\/10020\/revisions\/10023"}],"wp:featuredmedia":[{"embeddable":true,"href":"https:\/\/baptist.org.md\/ro\/index.php?rest_route=\/wp\/v2\/media\/10022"}],"wp:attachment":[{"href":"https:\/\/baptist.org.md\/ro\/index.php?rest_route=%2Fwp%2Fv2%2Fmedia&parent=10020"}],"wp:term":[{"taxonomy":"category","embeddable":true,"href":"https:\/\/baptist.org.md\/ro\/index.php?rest_route=%2Fwp%2Fv2%2Fcategories&post=10020"},{"taxonomy":"post_tag","embeddable":true,"href":"https:\/\/baptist.org.md\/ro\/index.php?rest_route=%2Fwp%2Fv2%2Ftags&post=10020"}],"curies":[{"name":"wp","href":"https:\/\/api.w.org\/{rel}","templated":true}]}}